{"id":1446,"date":"2019-02-14T19:14:32","date_gmt":"2019-02-14T19:14:32","guid":{"rendered":"http:\/\/www.radiopresidenteibanez.cl\/web\/?p=1446"},"modified":"2019-02-14T19:14:48","modified_gmt":"2019-02-14T19:14:48","slug":"alianza-entre-sercotec-y-fosis-fortalecera-emprendimientos-a-nivel-regional","status":"publish","type":"post","link":"https:\/\/www.radiopresidenteibanez.cl\/web\/alianza-entre-sercotec-y-fosis-fortalecera-emprendimientos-a-nivel-regional\/","title":{"rendered":"ALIANZA ENTRE SERCOTEC Y FOSIS FORTALECER\u00c1 EMPRENDIMIENTOS  A NIVEL REGIONAL"},"content":{"rendered":"\n<p>En el Centro de\nNegocios Sercotec Punta Arenas, se realiz\u00f3 la firma del convenio de colaboraci\u00f3n\nentre el Servicio de Cooperaci\u00f3n T\u00e9cnica (Sercotec) y el Fondo de Solidaridad e\nInnovaci\u00f3n Social (Fosis), el cual busca fortalecer, capacitar y guiar a los\nemprendedores, micro y peque\u00f1os empresarios en la postulaci\u00f3n a fondos de ambas\ninstituciones.<\/p>\n\n\n\n<p>En esta oportunidad, se\ninvit\u00f3 a cerca de 30 usuarios del Fosis para que conocieran el Centro de\nNegocios Sercotec Punta Arenas, adem\u00e1s de conocer la oferta program\u00e1tica de\nSercotec en el centro y las diversas iniciativas que dispone el Servicio de\nCooperaci\u00f3n T\u00e9cnica de Magallanes y Ant\u00e1rtica Chilena. <\/p>\n\n\n\n<p>Al respecto, la\ndirectora regional de Sercotec Magallanes, Mar\u00eda Soledad Solo de Zald\u00edvar,\nsostuvo que \u201cla importancia del convenio de colaboraci\u00f3n entre Sercotec y Fosis\nes trabajar en conjunto con acciones que favorezcan el desarrollo de la\nproducci\u00f3n y tal como nos ha encomendado nuestro Presidente Don Sebasti\u00e1n\nPi\u00f1era, es importante y fundamental el apoyo para los emprendedores, micro y\npeque\u00f1os empresarios. Es as\u00ed, como trabajaremos conjuntamente tanto en\ntalleres, capacitaciones, charlas en nuestro Centro de Negocios Sercotec para\npoder dar todas las herramientas necesarias para que el d\u00eda de ma\u00f1ana ellos\n(usuarios Fosis) tambi\u00e9n conozcan nuestra oferta program\u00e1tica que tenemos como\nSercotec y puedan postular a todos nuestros programas que tenemos como\nservicio\u201d. <\/p>\n\n\n\n<p>Por su parte, el\ndirector regional del Fosis, Hern\u00e1n Soto, se refiri\u00f3 al beneficio que tiene\neste convenio para los usuarios de su servicio. \u201cEsta alianza para nuestros usuarios es muy\nrelevante, porque nosotros dentro de nuestra oferta program\u00e1tica siempre hemos\ntenido usuarios que van tomando proyecto de acuerdo a los avances\u2026 pueden\npartir con un semilla, participar en un b\u00e1sico y terminar en un avanzado y una\nde las situaciones que ten\u00edamos, era que una vez que egresaban del servicio, no\npod\u00edamos localizarlos o permitir de alguna manera que sigan perfeccion\u00e1ndose y\ncreciendo. Hoy d\u00eda, con este proyecto, Sercotec le abre una gran puerta para\nellos, porque primero van acceder a capacitaciones del Centro de Negocio,\nafiatar bien sus ideas, sus proyectos y despu\u00e9s de una vez tener claro eso y\ntener terminada esa parte, poder postular a los proyectos de Sercotec\u201d. <\/p>\n\n\n\n<p>Con este convenio, ambas\nentidades adquieren diferentes compromisos, que buscan potenciar el trabajo\nconjunto, los cuales son: &nbsp;proveer\nmaterial de difusi\u00f3n sobre la oferta program\u00e1tica de fomento productivo;\nrealizar talleres informativos para funcionarios sobre la oferta program\u00e1tica\nde fomento productivo; difundir entre los potenciales beneficiarios, clientes,\npostulantes, seleccionados y\/o ganadores, cuando sea necesario, la oferta\nprogram\u00e1tica de fomento productivo; gestionar instancias para poder exponer y\/o\ndifundir la oferta program\u00e1tica de fomento productivo; posicionar la oferta de\nSERCOTEC y FOSIS a nivel regional; y por \u00faltimo, SERCOTEC Magallanes derivar\u00e1 a\nbeneficiarios de FOSIS regional con mayor proyecci\u00f3n a los Centros de Negocios\nSercotec.<\/p>\n","protected":false},"excerpt":{"rendered":"<p>En el Centro de Negocios Sercotec Punta Arenas, se realiz\u00f3 la firma del convenio de colaboraci\u00f3n entre el Servicio de Cooperaci\u00f3n T\u00e9cnica (Sercotec) y el Fondo de Solidaridad e Innovaci\u00f3n&#8230; <a class=\"read-more\" href=\"https:\/\/www.radiopresidenteibanez.cl\/web\/alianza-entre-sercotec-y-fosis-fortalecera-emprendimientos-a-nivel-regional\/\">Leer m\u00e1s<\/a><\/p>\n","protected":false},"author":2,"featured_media":1447,"comment_status":"closed","ping_status":"closed","sticky":false,"template":"","format":"standard","meta":{"footnotes":""},"categories":[1],"tags":[],"class_list":["post-1446","post","type-post","status-publish","format-standard","has-post-thumbnail","hentry","category-cronica"],"_links":{"self":[{"href":"https:\/\/www.radiopresidenteibanez.cl\/web\/wp-json\/wp\/v2\/posts\/1446","targetHints":{"allow":["GET"]}}],"collection":[{"href":"https:\/\/www.radiopresidenteibanez.cl\/web\/wp-json\/wp\/v2\/posts"}],"about":[{"href":"https:\/\/www.radiopresidenteibanez.cl\/web\/wp-json\/wp\/v2\/types\/post"}],"author":[{"embeddable":true,"href":"https:\/\/www.radiopresidenteibanez.cl\/web\/wp-json\/wp\/v2\/users\/2"}],"replies":[{"embeddable":true,"href":"https:\/\/www.radiopresidenteibanez.cl\/web\/wp-json\/wp\/v2\/comments?post=1446"}],"version-history":[{"count":0,"href":"https:\/\/www.radiopresidenteibanez.cl\/web\/wp-json\/wp\/v2\/posts\/1446\/revisions"}],"wp:featuredmedia":[{"embeddable":true,"href":"https:\/\/www.radiopresidenteibanez.cl\/web\/wp-json\/wp\/v2\/media\/1447"}],"wp:attachment":[{"href":"https:\/\/www.radiopresidenteibanez.cl\/web\/wp-json\/wp\/v2\/media?parent=1446"}],"wp:term":[{"taxonomy":"category","embeddable":true,"href":"https:\/\/www.radiopresidenteibanez.cl\/web\/wp-json\/wp\/v2\/categories?post=1446"},{"taxonomy":"post_tag","embeddable":true,"href":"https:\/\/www.radiopresidenteibanez.cl\/web\/wp-json\/wp\/v2\/tags?post=1446"}],"curies":[{"name":"wp","href":"https:\/\/api.w.org\/{rel}","templated":true}]}}