{"id":14459,"date":"2020-08-28T15:06:02","date_gmt":"2020-08-28T15:06:02","guid":{"rendered":"https:\/\/www.radiopresidenteibanez.cl\/web\/?p=14459"},"modified":"2020-08-28T15:06:08","modified_gmt":"2020-08-28T15:06:08","slug":"alcalde-de-cabo-de-hornos-nuevamente-le-solicita-al-intendente-fernandez-medidas-mas-efectivas-para-prevenir-el-covid-19","status":"publish","type":"post","link":"https:\/\/www.radiopresidenteibanez.cl\/web\/alcalde-de-cabo-de-hornos-nuevamente-le-solicita-al-intendente-fernandez-medidas-mas-efectivas-para-prevenir-el-covid-19\/","title":{"rendered":"ALCALDE DE CABO DE HORNOS NUEVAMENTE LE SOLICITA AL INTENDENTE FERN\u00c1NDEZ MEDIDAS M\u00c1S EFECTIVAS PARA PREVENIR EL COVID-19"},"content":{"rendered":"\n<p>Mediante un oficio dirigido a la primera\nautoridad regional y al secretario regional ministerial de Salud, el edil de\nPuerto Williams exigi\u00f3 que protocolos recomendados por la Organizaci\u00f3n Mundial\nde la Salud.<\/p>\n\n\n\n<p>\u201cEl apoyo es fundamental y durante estos meses\nse ha complementado en las institucionalidades de la Comuna, pero falta SALUD,\nque tenga la voluntad de escuchar y conectarse con las Autoridades, para\ndefinir y tomar determinaciones para hoy en d\u00eda frenar los contagios en la\nComuna\u201d se lee en unos de los p\u00e1rrafos del oficio que fue enviado por el\nalcalde de Cabo de Hornos, Patricio Fern\u00e1ndez, al Intendente de la regi\u00f3n.<\/p>\n\n\n\n<p>Claramente molesto por un sentido de \u201cabandono\ny no priorizar la vida y salud de los habitantes de Puerto Williams\u201d, el\nalcalde Fern\u00e1ndez se comunic\u00f3 por la v\u00eda institucional, haciendo presente su\npreocupaci\u00f3n por las formas que ha llevado adelante la autoridad sanitaria la\npandemia en la isla Navarino.<\/p>\n\n\n\n<p>\u201cDesde el d\u00eda uno venimos diciendo que las\nmedidas son insuficientes. Como isla, deber\u00edamos tener el mismo tratamiento que\nIsla de Pascua, donde se dispuso como resguardo a la integridad de todos los\npobladores, teniendo la determinaci\u00f3n de que toda persona que ingrese a ella se\nrealice un examen de PCR y haga una cuarentena por obligaci\u00f3n, como he\nse\u00f1alado, para el resguardo e integridad de la salud de nuestra comunidad\u201d, se\nlament\u00f3 el alcalde.<\/p>\n\n\n\n<p>En las \u00faltimas horas se conoci\u00f3 un nuevo caso\nde contagio de coronavirus, que lleg\u00f3 a Cabo de Hornos por mar desde Punta\nArenas, contratado por una empresa que realiza trabajos de construcci\u00f3n en la\nprovincia.<\/p>\n","protected":false},"excerpt":{"rendered":"<p>Mediante un oficio dirigido a la primera autoridad regional y al secretario regional ministerial de Salud, el edil de Puerto Williams exigi\u00f3 que protocolos recomendados por la Organizaci\u00f3n Mundial de&#8230; <a class=\"read-more\" href=\"https:\/\/www.radiopresidenteibanez.cl\/web\/alcalde-de-cabo-de-hornos-nuevamente-le-solicita-al-intendente-fernandez-medidas-mas-efectivas-para-prevenir-el-covid-19\/\">Leer m\u00e1s<\/a><\/p>\n","protected":false},"author":2,"featured_media":10365,"comment_status":"closed","ping_status":"closed","sticky":false,"template":"","format":"standard","meta":{"footnotes":""},"categories":[1],"tags":[],"class_list":["post-14459","post","type-post","status-publish","format-standard","has-post-thumbnail","hentry","category-cronica"],"_links":{"self":[{"href":"https:\/\/www.radiopresidenteibanez.cl\/web\/wp-json\/wp\/v2\/posts\/14459","targetHints":{"allow":["GET"]}}],"collection":[{"href":"https:\/\/www.radiopresidenteibanez.cl\/web\/wp-json\/wp\/v2\/posts"}],"about":[{"href":"https:\/\/www.radiopresidenteibanez.cl\/web\/wp-json\/wp\/v2\/types\/post"}],"author":[{"embeddable":true,"href":"https:\/\/www.radiopresidenteibanez.cl\/web\/wp-json\/wp\/v2\/users\/2"}],"replies":[{"embeddable":true,"href":"https:\/\/www.radiopresidenteibanez.cl\/web\/wp-json\/wp\/v2\/comments?post=14459"}],"version-history":[{"count":0,"href":"https:\/\/www.radiopresidenteibanez.cl\/web\/wp-json\/wp\/v2\/posts\/14459\/revisions"}],"wp:featuredmedia":[{"embeddable":true,"href":"https:\/\/www.radiopresidenteibanez.cl\/web\/wp-json\/wp\/v2\/media\/10365"}],"wp:attachment":[{"href":"https:\/\/www.radiopresidenteibanez.cl\/web\/wp-json\/wp\/v2\/media?parent=14459"}],"wp:term":[{"taxonomy":"category","embeddable":true,"href":"https:\/\/www.radiopresidenteibanez.cl\/web\/wp-json\/wp\/v2\/categories?post=14459"},{"taxonomy":"post_tag","embeddable":true,"href":"https:\/\/www.radiopresidenteibanez.cl\/web\/wp-json\/wp\/v2\/tags?post=14459"}],"curies":[{"name":"wp","href":"https:\/\/api.w.org\/{rel}","templated":true}]}}