{"id":14454,"date":"2020-08-28T14:56:11","date_gmt":"2020-08-28T14:56:11","guid":{"rendered":"https:\/\/www.radiopresidenteibanez.cl\/web\/?p=14454"},"modified":"2020-08-28T14:56:15","modified_gmt":"2020-08-28T14:56:15","slug":"pulso-sindical-diario-de-la-cgt-chile-7","status":"publish","type":"post","link":"https:\/\/www.radiopresidenteibanez.cl\/web\/pulso-sindical-diario-de-la-cgt-chile-7\/","title":{"rendered":"PULSO SINDICAL DIARIO DE LA CGT CHILE"},"content":{"rendered":"\n<p>1.- Hace algunos d\u00edas quien ostenta el cargo de presidente\nde la rep\u00fablica, se las dio de pitoniso y dijo que la \u00abinteligencia\u00bb\nle permite anunciar que se est\u00e1 preparando un nuevo estallido social.<\/p>\n\n\n\n<p>La verdad es que para ese anuncio no se requiere ser brujo.\nDe solo constatar lo que est\u00e1 pasando en los barrios, se puede intuir que la\ngente est\u00e1 m\u00e1s all\u00e1 de la coronilla y, sin duda, va a seguir explotando de\ntodas las formas posibles.<\/p>\n\n\n\n<p>No solo esperamos sino que alentamos a nuestro pueblo, a\ntrav\u00e9s de nuestras organizaciones, a unirse en la base y expresar el\ndescontento que se est\u00e1 viviendo en muchos hogares. Bienvenida la explosi\u00f3n\nsocial, si esto posibilita cambios en esta alica\u00edda sociedad en la que nos\ndesenvolvemos. <\/p>\n\n\n\n<p>El estallido debe estar antecedido de un gran trabajo en la\nbase social, que ayude a construir muchas organizaciones. Debemos prepararnos\npara dar apoyo a los cientos de miles que est\u00e1n suspendidos de contrato,\nquienes de seguro recibir\u00e1n de sus patrones la exigencia de disminuir\nbeneficios, achicar las jornadas de trabajo y aceptar finiquitos sin pago de\nindemnizaci\u00f3n. <\/p>\n\n\n\n<p>El discurso patronal ya fue expuesto en todos los medios.\nRequerir\u00e1n de ajustes para no cerrar sus empresas y esos ajustes se har\u00e1n por\nla v\u00eda de disminuci\u00f3n de personal. <\/p>\n\n\n\n<p>Que no se las de de vivo el Pi\u00f1era, el estallido social se\nviene con todo y lo impulsan las carencias y el hambre de millones,\nresponsabilidad de su gobierno.<\/p>\n\n\n\n<p>2.- Lo hemos dicho en todos los tonos e insistiremos en ello\ncada vez que sea necesario, para hacer claridad en nuestras\/os compa\u00f1eras\/os.<\/p>\n\n\n\n<p>Lo que se vivir\u00e1 en 2 meses m\u00e1s, no tiene nada de\n\u00e9pico.&nbsp; Es mas, si&nbsp; alguien se toma el tiempo y busca la\ndeclaraci\u00f3n de los partidos de la oposici\u00f3n del 12 de noviembre del a\u00f1o pasado\ny la contrasta con el Acuerdo del 15 de noviembre, podr\u00e1 darse cuenta de la\nenorme vuelta de carnero de los mismos que ya hab\u00edan claudicado en 1988,\nmomento en que se negoci\u00f3 la salida con el dictador.<\/p>\n\n\n\n<p>La protesta popular, en curso desde octubre 2019, ten\u00eda por\nlas cuerdas al gobierno y tambi\u00e9n a la oposici\u00f3n, al extremo que estos \u00faltimos\npusieron como condici\u00f3n m\u00ednima para una salida, una nueva Constituci\u00f3n v\u00eda\nAsamblea Constituyente. <\/p>\n\n\n\n<p>Esa fue la propuesta inicial y nuevamente se traicion\u00f3 la\nconfianza popular, llegando a un acuerdo entre 4 paredes, renunciando sin\nconsultar a nadie, a una de las muchas demandas planteadas por nuestro pueblo.<\/p>\n\n\n\n<p>Y sin embargo, y muy livianamente, vienen en llamar al\npueblo a marcar Apruebo y Convenci\u00f3n Constitucional, dici\u00e9ndole que haciendo\neste simple ejercicio se accede a un nuevo futuro, que incluso lo anuncian\nluminoso. <\/p>\n\n\n\n<p>3.- Lamentamos desencantar a nuestras bases, pero aunque\ntriunfar\u00e1n ambas opciones, que es lo mas probable, no se construir\u00e1 un futuro\nluminoso. Habr\u00e1 cambios, de eso no hay duda, pero ser\u00e1n de un rango acotado.<\/p>\n\n\n\n<p>Lo mas probable es que la nueva Constituci\u00f3n no entregue al\npa\u00eds el control de sus riquezas b\u00e1sicas. El agua, la electricidad y las\ntelecomunicaciones seguir\u00e1n en manos privadas y no tendremos pensiones dignas,\nni medicina preventiva y curativa para todos, sin la divisi\u00f3n odiosa que existe\nen la actualidad.&nbsp; <\/p>\n\n\n\n<p>4.- En lo personal, estoy inscrito en los registros\nelectorales y votar\u00e9 por una nueva Constituci\u00f3n, pero no me creo ninguno de los\ndiscursos venturosos que est\u00e1n repitiendo por todos lados.<\/p>\n\n\n\n<p>Sigo m\u00e1s convencido que nunca que nuestro camino para\nincidir en el cambio social pasa por la organizaci\u00f3n de los&nbsp; millones de desencantados y para eso,\ntrabajar\u00e9 con las mismas fuerzas con las que lo he hecho hasta ahora, en el\nlugar que me asigne la CGT.<\/p>\n","protected":false},"excerpt":{"rendered":"<p>1.- Hace algunos d\u00edas quien ostenta el cargo de presidente de la rep\u00fablica, se las dio de pitoniso y dijo que la \u00abinteligencia\u00bb le permite anunciar que se est\u00e1 preparando&#8230; <a class=\"read-more\" href=\"https:\/\/www.radiopresidenteibanez.cl\/web\/pulso-sindical-diario-de-la-cgt-chile-7\/\">Leer m\u00e1s<\/a><\/p>\n","protected":false},"author":2,"featured_media":14444,"comment_status":"closed","ping_status":"closed","sticky":false,"template":"","format":"standard","meta":{"footnotes":""},"categories":[1],"tags":[],"class_list":["post-14454","post","type-post","status-publish","format-standard","has-post-thumbnail","hentry","category-cronica"],"_links":{"self":[{"href":"https:\/\/www.radiopresidenteibanez.cl\/web\/wp-json\/wp\/v2\/posts\/14454","targetHints":{"allow":["GET"]}}],"collection":[{"href":"https:\/\/www.radiopresidenteibanez.cl\/web\/wp-json\/wp\/v2\/posts"}],"about":[{"href":"https:\/\/www.radiopresidenteibanez.cl\/web\/wp-json\/wp\/v2\/types\/post"}],"author":[{"embeddable":true,"href":"https:\/\/www.radiopresidenteibanez.cl\/web\/wp-json\/wp\/v2\/users\/2"}],"replies":[{"embeddable":true,"href":"https:\/\/www.radiopresidenteibanez.cl\/web\/wp-json\/wp\/v2\/comments?post=14454"}],"version-history":[{"count":0,"href":"https:\/\/www.radiopresidenteibanez.cl\/web\/wp-json\/wp\/v2\/posts\/14454\/revisions"}],"wp:featuredmedia":[{"embeddable":true,"href":"https:\/\/www.radiopresidenteibanez.cl\/web\/wp-json\/wp\/v2\/media\/14444"}],"wp:attachment":[{"href":"https:\/\/www.radiopresidenteibanez.cl\/web\/wp-json\/wp\/v2\/media?parent=14454"}],"wp:term":[{"taxonomy":"category","embeddable":true,"href":"https:\/\/www.radiopresidenteibanez.cl\/web\/wp-json\/wp\/v2\/categories?post=14454"},{"taxonomy":"post_tag","embeddable":true,"href":"https:\/\/www.radiopresidenteibanez.cl\/web\/wp-json\/wp\/v2\/tags?post=14454"}],"curies":[{"name":"wp","href":"https:\/\/api.w.org\/{rel}","templated":true}]}}