{"id":14452,"date":"2020-08-28T14:52:42","date_gmt":"2020-08-28T14:52:42","guid":{"rendered":"https:\/\/www.radiopresidenteibanez.cl\/web\/?p=14452"},"modified":"2020-08-28T14:52:52","modified_gmt":"2020-08-28T14:52:52","slug":"concejala-veronica-aguilar-solicita-aumentar-la-trazabilidad-y-una-mesa-social-para-enfrentar-juntos-esta-nueva-ola-de-contagios-en-la-comuna","status":"publish","type":"post","link":"https:\/\/www.radiopresidenteibanez.cl\/web\/concejala-veronica-aguilar-solicita-aumentar-la-trazabilidad-y-una-mesa-social-para-enfrentar-juntos-esta-nueva-ola-de-contagios-en-la-comuna\/","title":{"rendered":"CONCEJALA VER\u00d3NICA AGUILAR, SOLICITA AUMENTAR LA TRAZABILIDAD, Y UNA MESA SOCIAL PARA ENFRENTAR JUNTOS ESTA NUEVA OLA DE CONTAGIOS EN LA COMUNA"},"content":{"rendered":"\n<p>Ante el aumento de casos positivos en Magallanes, particularmente en nuestra comuna, la concejala Veronica Aguilar se\u00f1alo que hoy mas que nunca es importante la coordinaci\u00f3n regional para enfrentar esta preocupante situaci\u00f3n.<\/p>\n\n\n\n<p>Por medio de una carta, la concejala propuso al Intedente Fernandez, la creaci\u00f3n de una mesa social, que incorpore a las autoridades regionales, consejeros regionales, alcaldes, concejales, las uniones comunales de juntas de vecinos, y especialistas, sobre todo los infectologos del Hospital Cl\u00ednico y acad\u00e9micos de la Universidad de Magallanes.<\/p>\n\n\n\n<p>Esta mesa puede generar directrices de como enfrentar esta ola, porque lo peor que esta sucediendo no solo tiene que ver con la cantidad de contagios, y la falta de fiscalizaci\u00f3n, sino adem\u00e1s con la falta de informaci\u00f3n de parte de las autoridades hacia la comunidad, generando mas dudas, incredulidad y una sensaci\u00f3n de inseguridad que esta afectando a nuestros vecinos.<\/p>\n\n\n\n<p>Solicit\u00f3 a las autoridades aumentar el nivel de trazabilidad, incorporando a estudiantes de la Universidad de Magallanes, servidores p\u00fablicos, funcionarios de distintas \u00e1reas, toda persona que pueda ser voluntaria, colaborando en este trabajo que hoy, seg\u00fan los expertos, pueden hacer la diferencia.<\/p>\n\n\n\n<p>Tambi\u00e9n hizo un llamado al Intendente Fern\u00e1ndez, a asumir los liderazgos, a designar r\u00e1pidamente a una autoridad sanitaria que sea mas proactiva, que se abra al dialogo y a las solicitudes y sugerencias de las y los magall\u00e1nicos, \u201cnuestra regi\u00f3n se merece una autoridad que pueda tomar las riendas de esta situaci\u00f3n, incorporando a todos y todas, informando oportunamente no solo cifras, sino que tambi\u00e9n los planes de contingencia\u201d, aseguro la Concejala Aguilar.<\/p>\n\n\n\n<p>\u201cYo escucho todos los d\u00edas a los vecinos a trav\u00e9s de mi programa, y la preocupaci\u00f3n, y las denuncias son siempre las mismas, la falta de fiscalizaci\u00f3n, de informaci\u00f3n, de trazabilidad, por eso es importante que la nueva autoridad que asuma, tambi\u00e9n pueda enfrentar este desaf\u00edo con dialogo e inclusi\u00f3n\u201d.<\/p>\n\n\n\n<p>Junto con lo anterior, la concejala Aguilar, sugiri\u00f3 que, desde el Hospital Cl\u00ednico, se pueda generar un listado con pacientes que se dializan o se encuentran en tratamientos permanentes, para gestionar con la autoridad fiscalizadora un permiso especial que les permita acceder a sus tratamientos, sin la necesidad de solicitar todos los d\u00edas un salvoconducto para ello.<\/p>\n","protected":false},"excerpt":{"rendered":"<p>Ante el aumento de casos positivos en Magallanes, particularmente en nuestra comuna, la concejala Veronica Aguilar se\u00f1alo que hoy mas que nunca es importante la coordinaci\u00f3n regional para enfrentar esta&#8230; <a class=\"read-more\" href=\"https:\/\/www.radiopresidenteibanez.cl\/web\/concejala-veronica-aguilar-solicita-aumentar-la-trazabilidad-y-una-mesa-social-para-enfrentar-juntos-esta-nueva-ola-de-contagios-en-la-comuna\/\">Leer m\u00e1s<\/a><\/p>\n","protected":false},"author":2,"featured_media":14059,"comment_status":"closed","ping_status":"closed","sticky":false,"template":"","format":"standard","meta":{"footnotes":""},"categories":[1],"tags":[],"class_list":["post-14452","post","type-post","status-publish","format-standard","has-post-thumbnail","hentry","category-cronica"],"_links":{"self":[{"href":"https:\/\/www.radiopresidenteibanez.cl\/web\/wp-json\/wp\/v2\/posts\/14452","targetHints":{"allow":["GET"]}}],"collection":[{"href":"https:\/\/www.radiopresidenteibanez.cl\/web\/wp-json\/wp\/v2\/posts"}],"about":[{"href":"https:\/\/www.radiopresidenteibanez.cl\/web\/wp-json\/wp\/v2\/types\/post"}],"author":[{"embeddable":true,"href":"https:\/\/www.radiopresidenteibanez.cl\/web\/wp-json\/wp\/v2\/users\/2"}],"replies":[{"embeddable":true,"href":"https:\/\/www.radiopresidenteibanez.cl\/web\/wp-json\/wp\/v2\/comments?post=14452"}],"version-history":[{"count":0,"href":"https:\/\/www.radiopresidenteibanez.cl\/web\/wp-json\/wp\/v2\/posts\/14452\/revisions"}],"wp:featuredmedia":[{"embeddable":true,"href":"https:\/\/www.radiopresidenteibanez.cl\/web\/wp-json\/wp\/v2\/media\/14059"}],"wp:attachment":[{"href":"https:\/\/www.radiopresidenteibanez.cl\/web\/wp-json\/wp\/v2\/media?parent=14452"}],"wp:term":[{"taxonomy":"category","embeddable":true,"href":"https:\/\/www.radiopresidenteibanez.cl\/web\/wp-json\/wp\/v2\/categories?post=14452"},{"taxonomy":"post_tag","embeddable":true,"href":"https:\/\/www.radiopresidenteibanez.cl\/web\/wp-json\/wp\/v2\/tags?post=14452"}],"curies":[{"name":"wp","href":"https:\/\/api.w.org\/{rel}","templated":true}]}}