{"id":14449,"date":"2020-08-28T14:45:04","date_gmt":"2020-08-28T14:45:04","guid":{"rendered":"https:\/\/www.radiopresidenteibanez.cl\/web\/?p=14449"},"modified":"2020-08-28T14:45:08","modified_gmt":"2020-08-28T14:45:08","slug":"por-un-plebiscito-seguro-y-participativo-por-pablo-bussenius","status":"publish","type":"post","link":"https:\/\/www.radiopresidenteibanez.cl\/web\/por-un-plebiscito-seguro-y-participativo-por-pablo-bussenius\/","title":{"rendered":"POR UN PLEBISCITO SEGURO Y PARTICIPATIVO por Pablo Bussenius"},"content":{"rendered":"\n<p>Estamos contra el tiempo\u2026 en menos de 60 d\u00edas est\u00e1 previsto\nque se realice el plebiscito para definir si como pa\u00eds nos daremos o no una\nnueva constituci\u00f3n y, en la afirmativa, qui\u00e9nes ser\u00e1n los responsables de\nllevar adelante dicha tarea. <\/p>\n\n\n\n<p>A no dudarlo, es \u00e9ste un momento hist\u00f3rico, quiz\u00e1s el m\u00e1s\nimportante y trascendente desde el retorno de la democracia. <\/p>\n\n\n\n<p>Tras el estadillo social de octubre y la Pandemia resulta m\u00e1s\nevidente y urgente que nunca superar la constituci\u00f3n del 80 y avanzar en un\nnuevo pacto social en el que todos nos veamos representados. L@s &nbsp;ciudadan@s tenemos por primera vez en toda nuestra\nhistoria republicana la posibilidad de ser part\u00edcipes y responsables de nuestro\nfuturo. <\/p>\n\n\n\n<p>El desaf\u00edo no es menor. El proceso en curso supone\nnecesariamente una alta participaci\u00f3n ciudadana en el plebiscito del 25 de\noctubre, pero, tambi\u00e9n, y no menos importante, que las opciones apruebo y\nconvenci\u00f3n constitucional resulten triunfadoras con alt\u00edsimos porcentajes de\nvotaci\u00f3n.&nbsp; <\/p>\n\n\n\n<p>La cuota de incertidumbre viene dada por el temor a un\nrebrote del virus,&nbsp; que eventualmente pudiera\nafectar la participaci\u00f3n electoral y, con ello, alentar interesados cuestionamientos\nrespecto de la legitimidad del proceso. <\/p>\n\n\n\n<p>De all\u00ed que surja con m\u00e1s fuerza que nunca, la urgente\nnecesidad de avanzar en medidas concretas que garanticen un plebiscito seguro y\nparticipativo. Ambos aspectos est\u00e1n indefectiblemente relacionados, el evidente\ninter\u00e9s de la ciudadan\u00eda por participar depender\u00e1 en \u00faltimo t\u00e9rmino de las\ngarant\u00edas sanitarias existentes el d\u00eda de la votaci\u00f3n. <\/p>\n\n\n\n<p>En tal sentido, el pasado martes 25 se promulg\u00f3 la ley que\notorga mayores facultades al Servicio Nacional Electoral (Servel), permiti\u00e9ndole\ntomar las medidas sanitarias que estime conveniente y sin la necesidad de\nmodificaciones legales&nbsp;para que el plebiscito se desarrolle de manera\nsegura.<\/p>\n\n\n\n<p>El Servel tiene plazo hasta el 10 de septiembre, es decir 45\nd\u00edas antes del plebiscito, para presentar el protocolo&nbsp;de votaci\u00f3n.<\/p>\n\n\n\n<p>Entre las medidas que se han barajado se encuentran cambios\nen el n\u00famero, caracter\u00edsticas y aforo de los locales de votaci\u00f3n, la extensi\u00f3n\nen el horario de funcionamiento de las mesas de sufragios (hasta 12 horas), horarios\npreferentes para grupos de riesgo, el otorgar opciones de voto para covid\npositivo e inversi\u00f3n en seguridad. <\/p>\n\n\n\n<p>Si bien, el responsable \u00faltimo del plebiscito es el Gobierno,\nl@s ciudadan@s tambi\u00e9n deberemos poner de nuestra parte para el \u00e9xito de este\nproceso: primero cuid\u00e1ndonos para poder votar. Cu\u00eddate y cuida tu plebiscito es\nla consigna. Luego, inform\u00e1ndonos de todas las medidas sanitarias dispuestas\npor el Servel para ese d\u00eda. Esta definitivamente no ser\u00e1 una votaci\u00f3n m\u00e1s, como\ncualquier otra que hayamos participado, si nos cuidamos ese d\u00eda haremos\nHistoria. \u201cSINOPAQU\u00c9!\u201d<\/p>\n","protected":false},"excerpt":{"rendered":"<p>Estamos contra el tiempo\u2026 en menos de 60 d\u00edas est\u00e1 previsto que se realice el plebiscito para definir si como pa\u00eds nos daremos o no una nueva constituci\u00f3n y, en&#8230; <a class=\"read-more\" href=\"https:\/\/www.radiopresidenteibanez.cl\/web\/por-un-plebiscito-seguro-y-participativo-por-pablo-bussenius\/\">Leer m\u00e1s<\/a><\/p>\n","protected":false},"author":2,"featured_media":14450,"comment_status":"closed","ping_status":"closed","sticky":false,"template":"","format":"standard","meta":{"footnotes":""},"categories":[1],"tags":[],"class_list":["post-14449","post","type-post","status-publish","format-standard","has-post-thumbnail","hentry","category-cronica"],"_links":{"self":[{"href":"https:\/\/www.radiopresidenteibanez.cl\/web\/wp-json\/wp\/v2\/posts\/14449","targetHints":{"allow":["GET"]}}],"collection":[{"href":"https:\/\/www.radiopresidenteibanez.cl\/web\/wp-json\/wp\/v2\/posts"}],"about":[{"href":"https:\/\/www.radiopresidenteibanez.cl\/web\/wp-json\/wp\/v2\/types\/post"}],"author":[{"embeddable":true,"href":"https:\/\/www.radiopresidenteibanez.cl\/web\/wp-json\/wp\/v2\/users\/2"}],"replies":[{"embeddable":true,"href":"https:\/\/www.radiopresidenteibanez.cl\/web\/wp-json\/wp\/v2\/comments?post=14449"}],"version-history":[{"count":0,"href":"https:\/\/www.radiopresidenteibanez.cl\/web\/wp-json\/wp\/v2\/posts\/14449\/revisions"}],"wp:featuredmedia":[{"embeddable":true,"href":"https:\/\/www.radiopresidenteibanez.cl\/web\/wp-json\/wp\/v2\/media\/14450"}],"wp:attachment":[{"href":"https:\/\/www.radiopresidenteibanez.cl\/web\/wp-json\/wp\/v2\/media?parent=14449"}],"wp:term":[{"taxonomy":"category","embeddable":true,"href":"https:\/\/www.radiopresidenteibanez.cl\/web\/wp-json\/wp\/v2\/categories?post=14449"},{"taxonomy":"post_tag","embeddable":true,"href":"https:\/\/www.radiopresidenteibanez.cl\/web\/wp-json\/wp\/v2\/tags?post=14449"}],"curies":[{"name":"wp","href":"https:\/\/api.w.org\/{rel}","templated":true}]}}