{"id":14446,"date":"2020-08-27T22:18:16","date_gmt":"2020-08-27T22:18:16","guid":{"rendered":"https:\/\/www.radiopresidenteibanez.cl\/web\/?p=14446"},"modified":"2020-08-27T22:18:20","modified_gmt":"2020-08-27T22:18:20","slug":"pdi-detuvo-a-un-hombre-e-incauto-cannabis-sativa-en-vivienda-de-puerto-natales","status":"publish","type":"post","link":"https:\/\/www.radiopresidenteibanez.cl\/web\/pdi-detuvo-a-un-hombre-e-incauto-cannabis-sativa-en-vivienda-de-puerto-natales\/","title":{"rendered":"PDI DETUVO A UN HOMBRE E INCAUT\u00d3 CANNABIS SATIVA EN VIVIENDA DE PUERTO NATALES"},"content":{"rendered":"\n<p>Este jueves, detectives de la Brigada de Investigaci\u00f3n\nCriminal (Bicrim) de la Polic\u00eda de Investigaciones de Puerto Natales, en\ncoordinaci\u00f3n con la Fiscal\u00eda Local de la ciudad, incautaron desde una vivienda ubicada\nen la capital de la provincia de \u00daltima Esperanza, un total de siete plantas\ndel g\u00e9nero cannabis, adem\u00e1s de cannabis sativa a granel, avaluada en cerca de 2\nmillones de pesos. &nbsp;<\/p>\n\n\n\n<p>El subprefecto Cristian Robledo, jefe de la Bicrim de\nPuerto Natales, explic\u00f3 que los detectives concurrieron hasta el inmueble\nubicado en el sector sur de la ciudad, en donde detectaron un sofisticado\ncultivo indoor desde donde se incautaron siete plantas de entre 20 cent\u00edmetros\na un metro y 40 cent\u00edmetros de alto, adem\u00e1s de 144,5 gramos de cannabis sativa\na granel. &nbsp;<\/p>\n\n\n\n<p>En el procedimiento result\u00f3 detenido un sujeto de 30\na\u00f1os por el delito flagrante de infracci\u00f3n al Art\u00edculo 8\u00b0 de la Ley 20.000,\nquien este viernes ser\u00e1 puesto a disposici\u00f3n del Juzgado de Garant\u00eda de Puerto\nNatales para la respectiva audiencia de control de detenci\u00f3n.&nbsp; <\/p>\n","protected":false},"excerpt":{"rendered":"<p>Este jueves, detectives de la Brigada de Investigaci\u00f3n Criminal (Bicrim) de la Polic\u00eda de Investigaciones de Puerto Natales, en coordinaci\u00f3n con la Fiscal\u00eda Local de la ciudad, incautaron desde una&#8230; <a class=\"read-more\" href=\"https:\/\/www.radiopresidenteibanez.cl\/web\/pdi-detuvo-a-un-hombre-e-incauto-cannabis-sativa-en-vivienda-de-puerto-natales\/\">Leer m\u00e1s<\/a><\/p>\n","protected":false},"author":2,"featured_media":14447,"comment_status":"closed","ping_status":"closed","sticky":false,"template":"","format":"standard","meta":{"footnotes":""},"categories":[1],"tags":[],"class_list":["post-14446","post","type-post","status-publish","format-standard","has-post-thumbnail","hentry","category-cronica"],"_links":{"self":[{"href":"https:\/\/www.radiopresidenteibanez.cl\/web\/wp-json\/wp\/v2\/posts\/14446","targetHints":{"allow":["GET"]}}],"collection":[{"href":"https:\/\/www.radiopresidenteibanez.cl\/web\/wp-json\/wp\/v2\/posts"}],"about":[{"href":"https:\/\/www.radiopresidenteibanez.cl\/web\/wp-json\/wp\/v2\/types\/post"}],"author":[{"embeddable":true,"href":"https:\/\/www.radiopresidenteibanez.cl\/web\/wp-json\/wp\/v2\/users\/2"}],"replies":[{"embeddable":true,"href":"https:\/\/www.radiopresidenteibanez.cl\/web\/wp-json\/wp\/v2\/comments?post=14446"}],"version-history":[{"count":0,"href":"https:\/\/www.radiopresidenteibanez.cl\/web\/wp-json\/wp\/v2\/posts\/14446\/revisions"}],"wp:featuredmedia":[{"embeddable":true,"href":"https:\/\/www.radiopresidenteibanez.cl\/web\/wp-json\/wp\/v2\/media\/14447"}],"wp:attachment":[{"href":"https:\/\/www.radiopresidenteibanez.cl\/web\/wp-json\/wp\/v2\/media?parent=14446"}],"wp:term":[{"taxonomy":"category","embeddable":true,"href":"https:\/\/www.radiopresidenteibanez.cl\/web\/wp-json\/wp\/v2\/categories?post=14446"},{"taxonomy":"post_tag","embeddable":true,"href":"https:\/\/www.radiopresidenteibanez.cl\/web\/wp-json\/wp\/v2\/tags?post=14446"}],"curies":[{"name":"wp","href":"https:\/\/api.w.org\/{rel}","templated":true}]}}