{"id":14440,"date":"2020-08-27T22:13:41","date_gmt":"2020-08-27T22:13:41","guid":{"rendered":"https:\/\/www.radiopresidenteibanez.cl\/web\/?p=14440"},"modified":"2020-08-27T22:13:45","modified_gmt":"2020-08-27T22:13:45","slug":"minvu-invita-a-consulta-ciudadana-para-mejorar-las-areas-verdes-de-avenida-bulnes","status":"publish","type":"post","link":"https:\/\/www.radiopresidenteibanez.cl\/web\/minvu-invita-a-consulta-ciudadana-para-mejorar-las-areas-verdes-de-avenida-bulnes\/","title":{"rendered":"MINVU INVITA A CONSULTA CIUDADANA PARA MEJORAR LAS \u00c1REAS VERDES DE AVENIDA BULNES"},"content":{"rendered":"\n<p>La Avenida Presidente Manuel Bulnes, es una de las principales v\u00edas estructurantes de Punta Arenas, contando en su trayecto con \u00edconos de la ciudad, tales como el cementerio Municipal Sara Braun y el monumento al Ovejero. Junto con lo anterior, es uno de los espacios p\u00fablicos predilectos en \u00e9poca estival, donde suelen reunirse grupos de j\u00f3venes y familias en general.<\/p>\n\n\n\n<p>Por lo anterior, el Ministerio de Vivienda y Urbanismo desarrollar\u00e1 un proyecto de mejoramiento de las \u00e1reas verdes del tramo comprendido entre calle Maip\u00fa y Avenida El Bosque, el cual contempla la conformaci\u00f3n de paseos peatonales, ruta accesible, ciclov\u00edas, iluminaci\u00f3n, paisajismo y mobiliario.<\/p>\n\n\n\n<p>El&nbsp;<strong>Director Regional del Serviu, Dubalio P\u00e9rez Ruiz<\/strong>, invit\u00f3 a la comunidad&nbsp;<strong>\u201ca participar en esta encuesta digital para recoger su opini\u00f3n de este espacio tan importante para ciudad de Punta Arenas, ya que el objetivo de esta iniciativa, es mantener y potenciar los atributos actuales de la Avenida, mejorando lo existente e incorporando mejoras en aquellos aspectos identificados como relevantes por parte de la ciudadan\u00eda\u201d.<\/strong><\/p>\n\n\n\n<p>Con el fin de recoger estos aportes, el Serviu, unidad t\u00e9cnica del proyecto, junto a Michell Consultores, a cargo del desarrollo del proyecto, habilitaron la p\u00e1gina web&nbsp;<a href=\"http:\/\/www.proyectobulnes.cl\/\" target=\"_blank\" rel=\"noreferrer noopener\">www.proyectobulnes.cl<\/a>&nbsp;desde la cual se puede acceder a una encuesta digital para p\u00fablico adulto e infantil. Este instrumento se difundir\u00e1, adem\u00e1s, a trav\u00e9s del Instagram Proyecto Bulnes y la p\u00e1gina Facebook Serviu Magallanes. La encuesta estar\u00e1 operativa desde este jueves 27 de agosto y hasta al 5 de septiembre.<\/p>\n\n\n\n<p>La modalidad de consulta digital obedece a las condiciones sanitarias producto de la pandemia, por lo que los convocantes hacen un llamado especial a la comunidad, a apoyar la participaci\u00f3n de grupos que presentan mayor brecha digital, como podr\u00edan ser, por ejemplo, adultos mayores residentes en el tramo de intervenci\u00f3n. Un llamado similar se extiende a los establecimientos educacionales, en el sentido de incentivar la participaci\u00f3n infantil y juvenil, ya que se trata de grupos etarios que hacen un uso intensivo de la Avenida Bulnes, por lo que sus ideas y aportes resultan de gran inter\u00e9s para conservar los atractivos actuales de este espacio p\u00fablico.<\/p>\n\n\n\n<p>En la p\u00e1gina&nbsp;<a href=\"http:\/\/www.proyectobulnes.cl\/\" target=\"_blank\" rel=\"noreferrer noopener\">www.proyectobulnes.cl<\/a>&nbsp;se encuentra disponible un video que permite visualizar el tramo de intervenci\u00f3n, as\u00ed como una descripci\u00f3n de los objetivos del proyecto orientados a recuperar el patrimonio natural y cultural de esta Avenida.<\/p>\n","protected":false},"excerpt":{"rendered":"<p>La Avenida Presidente Manuel Bulnes, es una de las principales v\u00edas estructurantes de Punta Arenas, contando en su trayecto con \u00edconos de la ciudad, tales como el cementerio Municipal Sara&#8230; <a class=\"read-more\" href=\"https:\/\/www.radiopresidenteibanez.cl\/web\/minvu-invita-a-consulta-ciudadana-para-mejorar-las-areas-verdes-de-avenida-bulnes\/\">Leer m\u00e1s<\/a><\/p>\n","protected":false},"author":2,"featured_media":14441,"comment_status":"closed","ping_status":"closed","sticky":false,"template":"","format":"standard","meta":{"footnotes":""},"categories":[1],"tags":[],"class_list":["post-14440","post","type-post","status-publish","format-standard","has-post-thumbnail","hentry","category-cronica"],"_links":{"self":[{"href":"https:\/\/www.radiopresidenteibanez.cl\/web\/wp-json\/wp\/v2\/posts\/14440","targetHints":{"allow":["GET"]}}],"collection":[{"href":"https:\/\/www.radiopresidenteibanez.cl\/web\/wp-json\/wp\/v2\/posts"}],"about":[{"href":"https:\/\/www.radiopresidenteibanez.cl\/web\/wp-json\/wp\/v2\/types\/post"}],"author":[{"embeddable":true,"href":"https:\/\/www.radiopresidenteibanez.cl\/web\/wp-json\/wp\/v2\/users\/2"}],"replies":[{"embeddable":true,"href":"https:\/\/www.radiopresidenteibanez.cl\/web\/wp-json\/wp\/v2\/comments?post=14440"}],"version-history":[{"count":0,"href":"https:\/\/www.radiopresidenteibanez.cl\/web\/wp-json\/wp\/v2\/posts\/14440\/revisions"}],"wp:featuredmedia":[{"embeddable":true,"href":"https:\/\/www.radiopresidenteibanez.cl\/web\/wp-json\/wp\/v2\/media\/14441"}],"wp:attachment":[{"href":"https:\/\/www.radiopresidenteibanez.cl\/web\/wp-json\/wp\/v2\/media?parent=14440"}],"wp:term":[{"taxonomy":"category","embeddable":true,"href":"https:\/\/www.radiopresidenteibanez.cl\/web\/wp-json\/wp\/v2\/categories?post=14440"},{"taxonomy":"post_tag","embeddable":true,"href":"https:\/\/www.radiopresidenteibanez.cl\/web\/wp-json\/wp\/v2\/tags?post=14440"}],"curies":[{"name":"wp","href":"https:\/\/api.w.org\/{rel}","templated":true}]}}