{"id":14436,"date":"2020-08-27T16:43:00","date_gmt":"2020-08-27T16:43:00","guid":{"rendered":"https:\/\/www.radiopresidenteibanez.cl\/web\/?p=14436"},"modified":"2020-08-27T16:43:04","modified_gmt":"2020-08-27T16:43:04","slug":"equipo-municipal-de-testeo-trazabilidad-y-aislamiento-continua-trabajo-de-busqueda-en-barrios-de-punta-arenas","status":"publish","type":"post","link":"https:\/\/www.radiopresidenteibanez.cl\/web\/equipo-municipal-de-testeo-trazabilidad-y-aislamiento-continua-trabajo-de-busqueda-en-barrios-de-punta-arenas\/","title":{"rendered":"EQUIPO MUNICIPAL DE TESTEO TRAZABILIDAD Y AISLAMIENTO CONTIN\u00daA TRABAJO DE B\u00daSQUEDA EN BARRIOS DE PUNTA ARENAS"},"content":{"rendered":"\n<p>Desde que se inici\u00f3 el trabajo con el nuevo equipo de Testeo, Trazabilidad y Aislamiento el pasado 3 de agosto, se han realizado operativos en distintos sectores del lado sur de la ciudad, como por ejemplo: Pedro Aguirre Cerda, Boliviana, Prat, y ahora el Barrio 18 de Septiembre, lugar en el que se realizaron 60 ex\u00e1menes PCR.<\/p>\n\n\n\n<p>En ese sentido, B\u00e1rbara P\u00e9rez, enfermera a cargo de uno de los equipos municipales TTA, explic\u00f3 que \u201ceste trabajo desarrolla la B\u00fasqueda Activa de Casos (BAC) cuya estrategia tiene como objetivo canalizar a pacientes Covid-19 positivo, y poder aislarlos de manera oportuna, para evitar su propagaci\u00f3n\u201d.<\/p>\n\n\n\n<p>\u201cEsto se realiza mediante un sistema de visor territorial cumpliendo con diversos criterios. Para ello, realizamos un trabajo de puerta a puerta en terreno, haciendo una invitaci\u00f3n a las personas y vecinos de los barrios y sectores que visitamos, con el fin de que se realicen el examen PCR en nuestra cl\u00ednica m\u00f3vil, la cual est\u00e1 adaptada con todos los protocolos y procedimientos determinados por la autoridad sanitaria\u201d, agreg\u00f3 la profesional del \u00c1rea.<\/p>\n\n\n\n<p>Viviana Oyarz\u00fan, una de las vecinas del Barrio 18 que se realiz\u00f3 el examen, agradeci\u00f3 la iniciativa y dijo que \u201cme parece muy bien porque no todos tenemos la opci\u00f3n de obtener un permiso para ir al hospital o consultorio para hacerse el examen. Ojal\u00e1 lo sigan haciendo. Es r\u00e1pido, un poco molesto pero nada m\u00e1s\u201d.<\/p>\n\n\n\n<p>En tanto, Juan Garc\u00eda valor\u00f3 la oportunidad, expresando que \u201csi no nos cuidamos, despu\u00e9s podemos lamentarlo. Considero que debemos cuidarnos m\u00e1s. Aprovechemos que el alcalde Radonich dispuso esta ambulancia para los vecinos de la 18\u201d.<\/p>\n\n\n\n<p>De igual forma, las personas que se acercaron a la cl\u00ednica m\u00f3vil dispuesta por el municipio, hicieron un llamado a la gente para que se cuide, y que se tomen todas las precauciones posibles.<\/p>\n\n\n\n<p>La informaci\u00f3n y los resultados est\u00e1n disponibles en 3 o 4 d\u00edas aproximadamente, siendo la Secretar\u00eda Regional Ministerial de Salud, el organismo encargado de notificar aquello para luego definir el paso siguiente que corresponde.<\/p>\n\n\n\n<p>Finalmente, y en paralelo, un segundo equipo TTA concret\u00f3 la realizaci\u00f3n de ex\u00e1menes preventivos PCR a 46 funcionarios de la Direcci\u00f3n de Desarrollo Comunitario, los que son parte de la Agenda de Ayuda Social.<\/p>\n","protected":false},"excerpt":{"rendered":"<p>Desde que se inici\u00f3 el trabajo con el nuevo equipo de Testeo, Trazabilidad y Aislamiento el pasado 3 de agosto, se han realizado operativos en distintos sectores del lado sur&#8230; <a class=\"read-more\" href=\"https:\/\/www.radiopresidenteibanez.cl\/web\/equipo-municipal-de-testeo-trazabilidad-y-aislamiento-continua-trabajo-de-busqueda-en-barrios-de-punta-arenas\/\">Leer m\u00e1s<\/a><\/p>\n","protected":false},"author":2,"featured_media":14437,"comment_status":"closed","ping_status":"closed","sticky":false,"template":"","format":"standard","meta":{"footnotes":""},"categories":[1],"tags":[],"class_list":["post-14436","post","type-post","status-publish","format-standard","has-post-thumbnail","hentry","category-cronica"],"_links":{"self":[{"href":"https:\/\/www.radiopresidenteibanez.cl\/web\/wp-json\/wp\/v2\/posts\/14436","targetHints":{"allow":["GET"]}}],"collection":[{"href":"https:\/\/www.radiopresidenteibanez.cl\/web\/wp-json\/wp\/v2\/posts"}],"about":[{"href":"https:\/\/www.radiopresidenteibanez.cl\/web\/wp-json\/wp\/v2\/types\/post"}],"author":[{"embeddable":true,"href":"https:\/\/www.radiopresidenteibanez.cl\/web\/wp-json\/wp\/v2\/users\/2"}],"replies":[{"embeddable":true,"href":"https:\/\/www.radiopresidenteibanez.cl\/web\/wp-json\/wp\/v2\/comments?post=14436"}],"version-history":[{"count":0,"href":"https:\/\/www.radiopresidenteibanez.cl\/web\/wp-json\/wp\/v2\/posts\/14436\/revisions"}],"wp:featuredmedia":[{"embeddable":true,"href":"https:\/\/www.radiopresidenteibanez.cl\/web\/wp-json\/wp\/v2\/media\/14437"}],"wp:attachment":[{"href":"https:\/\/www.radiopresidenteibanez.cl\/web\/wp-json\/wp\/v2\/media?parent=14436"}],"wp:term":[{"taxonomy":"category","embeddable":true,"href":"https:\/\/www.radiopresidenteibanez.cl\/web\/wp-json\/wp\/v2\/categories?post=14436"},{"taxonomy":"post_tag","embeddable":true,"href":"https:\/\/www.radiopresidenteibanez.cl\/web\/wp-json\/wp\/v2\/tags?post=14436"}],"curies":[{"name":"wp","href":"https:\/\/api.w.org\/{rel}","templated":true}]}}