{"id":14432,"date":"2020-08-27T16:39:49","date_gmt":"2020-08-27T16:39:49","guid":{"rendered":"https:\/\/www.radiopresidenteibanez.cl\/web\/?p=14432"},"modified":"2020-08-27T16:39:53","modified_gmt":"2020-08-27T16:39:53","slug":"actividad-fisica-de-manera-entretenida-para-adultos-mayores","status":"publish","type":"post","link":"https:\/\/www.radiopresidenteibanez.cl\/web\/actividad-fisica-de-manera-entretenida-para-adultos-mayores\/","title":{"rendered":"ACTIVIDAD F\u00cdSICA DE MANERA ENTRETENIDA PARA ADULTOS MAYORES"},"content":{"rendered":"\n<p>La pandemia ha obligado a las instituciones a replantearse la forma de\nllegar a la comunidad, y en ese sentido la gobernaci\u00f3n provincial de\nMagallanes,&nbsp; ha estado trabajando v\u00eda\nonline con diferentes grupos de personas, y esta vez fue el turno de los\nadultos mayores.<\/p>\n\n\n\n<p>Con el objetivo de generar nuevos espacios de encuentro y formaci\u00f3n que\npromuevan una mejor vejez y logren generar un acercamiento con las personas\nmayores, es que la Mesa \u201cElige Vivir Sano\u201d del Comit\u00e9 T\u00e9cnico Asesor de la\ngobernaci\u00f3n provincial de Magallanes, implement\u00f3 Talleres v\u00eda zoom y ayer se\nefectu\u00f3 el primer encuentro a trav\u00e9s de este medio, con una \u201cClase de Gimnasia\nEntretenida\u201d, para continuar gui\u00e1ndolos en lo referente al acondicionamiento\nf\u00edsico para el cuidado de su salud.<\/p>\n\n\n\n<p>El gobernador provincial de Magallanes, Homero\nVillegas N\u00fa\u00f1ez, luego de realizar el saludo inicial, explic\u00f3 que \u201cesta\nactividad se enmarca en las actividades de Gobierno en Terreno y del Subcomit\u00e9\n\u201cElige Vivir Sano\u201d de la gobernaci\u00f3n, se hace en conjunto con la Seremi del\nDeporte, Seremi de Desarrollo Social, IND y consiste esencialmente en una clase\ndirigida de gimnasia entretenida, lo cual constituye un apoyo no s\u00f3lo al estado\nf\u00edsico de las personas, sino tambi\u00e9n un apoyo emocional en tiempos tan\ndif\u00edciles que estamos viviendo por motivo de la pandemia, donde uno de los\nprincipales afectados han sido nuestros adultos mayores, que han visto\nlimitadas sus libertadas, su vida normal, su desplazamiento. Por eso estamos\naqu\u00ed hoy d\u00eda para sacarlos un poco de este tema, para&nbsp; compartir con ellos, para expresarles que\nestamos con ellos\u201d.<\/p>\n\n\n\n<p>La Seremi del Deporte, Odette Callahan,\nmanifest\u00f3 que \u201cNuestro programa de adultos mayores es uno de los m\u00e1s exitosos\nque tiene el Mindep-IND y por eso, en conjunto con los organismos que conforman\nla Mesa T\u00e9cnica del Sistema Elige Vivir Sano, quisimos realizar una clase de\ngimnasia entretenida para que se re\u00fanan y compartan de manera virtual en torno\na la actividad f\u00edsica. En estos tiempos es muy importante que se mantengan\nactivos y por eso hemos realizado todos los esfuerzos para seguir\nacompa\u00f1\u00e1ndolos en sus hogares\u201d<\/p>\n\n\n\n<p>La actividad tuvo una excelente y\nparticipativa convocatoria, que cont\u00f3 con la colaboraci\u00f3n del profesor de\nEducaci\u00f3n F\u00edsica, Manuel Alarc\u00f3n, quien entreg\u00f3 efectivas recomendaciones a los\nadultos mayores, para hacer m\u00e1s llevadera la permanencia en casa y mantener la\nsalud, a trav\u00e9s de la actividad f\u00edsica.<\/p>\n\n\n\n<p>Al respecto de la actividad, &nbsp;la Seremi de Desarrollo Social y Familia, Liz\nCasanueva expres\u00f3 que, \u201cnuestro Ministerio mantiene un compromiso especial con\nlos adultos mayores, a trav\u00e9s de sus organismo como el Sistema Elige Vivir Sano\ny el Servicio Nacional del Adulto Mayor (SENAMA). En la regi\u00f3n nos hemos\ndedicado a sumar esfuerzos entre los distintos sectores para resguardar a uno\nde los grupos m\u00e1s vulnerables de nuestra sociedad: la tercera edad, que\nrecordemos en Magallanes representa el 19,9 % de la poblaci\u00f3n, cifra mayor a la\nmedia del pa\u00eds, que es de un 19,3%\u201d.<\/p>\n\n\n\n<p>Luego de la clase dictada por la profesora de educaci\u00f3n f\u00edsica, Marisol\nSilva, se abrieron los micr\u00f3fonos al di\u00e1logo, donde se escucharon emotivas\nintervenciones y palabras de agradecimiento hacia el equipo de profesionales\nque trabaj\u00f3 en forma comprometida y coordinada para lograr el \u00e9xito de la\nactividad. Una conversaci\u00f3n distendida, en la que compartieron, incluso,\nfamiliares de algunos participantes.<\/p>\n\n\n\n<p>Este jueves 27, a las 19:00 horas, continuar\u00e1n los Talleres para\nAdultos Mayores, con la charla \u201cA\u00f1os\nDorados y buena salud\u201d. Se realizar\u00e1 v\u00eda plataforma Zoom, y estar\u00e1 a cargo de\ndos profesionales, nutricionista y psic\u00f3loga del equipo \u201cElige Vida Sana\u201d del\n\u00c1rea de Salud de la Corporaci\u00f3n Municipal. \n\nPara quienes est\u00e9n interesados en realizar los\nejercicios impartidos durante la clase, pueden visitar la p\u00e1gina de Facebook de\nla Gobernaci\u00f3n provincial de Magallanes donde puede recrear el video de dicho\ntaller.\n\n\n\n<\/p>\n","protected":false},"excerpt":{"rendered":"<p>La pandemia ha obligado a las instituciones a replantearse la forma de llegar a la comunidad, y en ese sentido la gobernaci\u00f3n provincial de Magallanes,&nbsp; ha estado trabajando v\u00eda online&#8230; <a class=\"read-more\" href=\"https:\/\/www.radiopresidenteibanez.cl\/web\/actividad-fisica-de-manera-entretenida-para-adultos-mayores\/\">Leer m\u00e1s<\/a><\/p>\n","protected":false},"author":2,"featured_media":14434,"comment_status":"closed","ping_status":"closed","sticky":false,"template":"","format":"standard","meta":{"footnotes":""},"categories":[1],"tags":[],"class_list":["post-14432","post","type-post","status-publish","format-standard","has-post-thumbnail","hentry","category-cronica"],"_links":{"self":[{"href":"https:\/\/www.radiopresidenteibanez.cl\/web\/wp-json\/wp\/v2\/posts\/14432","targetHints":{"allow":["GET"]}}],"collection":[{"href":"https:\/\/www.radiopresidenteibanez.cl\/web\/wp-json\/wp\/v2\/posts"}],"about":[{"href":"https:\/\/www.radiopresidenteibanez.cl\/web\/wp-json\/wp\/v2\/types\/post"}],"author":[{"embeddable":true,"href":"https:\/\/www.radiopresidenteibanez.cl\/web\/wp-json\/wp\/v2\/users\/2"}],"replies":[{"embeddable":true,"href":"https:\/\/www.radiopresidenteibanez.cl\/web\/wp-json\/wp\/v2\/comments?post=14432"}],"version-history":[{"count":0,"href":"https:\/\/www.radiopresidenteibanez.cl\/web\/wp-json\/wp\/v2\/posts\/14432\/revisions"}],"wp:featuredmedia":[{"embeddable":true,"href":"https:\/\/www.radiopresidenteibanez.cl\/web\/wp-json\/wp\/v2\/media\/14434"}],"wp:attachment":[{"href":"https:\/\/www.radiopresidenteibanez.cl\/web\/wp-json\/wp\/v2\/media?parent=14432"}],"wp:term":[{"taxonomy":"category","embeddable":true,"href":"https:\/\/www.radiopresidenteibanez.cl\/web\/wp-json\/wp\/v2\/categories?post=14432"},{"taxonomy":"post_tag","embeddable":true,"href":"https:\/\/www.radiopresidenteibanez.cl\/web\/wp-json\/wp\/v2\/tags?post=14432"}],"curies":[{"name":"wp","href":"https:\/\/api.w.org\/{rel}","templated":true}]}}