{"id":1443,"date":"2019-02-14T19:09:45","date_gmt":"2019-02-14T19:09:45","guid":{"rendered":"http:\/\/www.radiopresidenteibanez.cl\/web\/?p=1443"},"modified":"2019-02-14T19:10:13","modified_gmt":"2019-02-14T19:10:13","slug":"fabiola-garcia-pinto-asume-como-nueva-directora-regional-de-sernameg-magallanes","status":"publish","type":"post","link":"https:\/\/www.radiopresidenteibanez.cl\/web\/fabiola-garcia-pinto-asume-como-nueva-directora-regional-de-sernameg-magallanes\/","title":{"rendered":"FABIOLA GARC\u00cdA PINTO ASUME COMO NUEVA DIRECTORA REGIONAL DE SERNAMEG MAGALLANES"},"content":{"rendered":"\n<p>Con el saludo protocolar a la ex Intendenta\nRegional de Magallanes, Mar\u00eda Teresa Casta\u00f1\u00f3n Silva, y acompa\u00f1ada de la Seremi\nde la Mujer y la Equidad de G\u00e9nero, Patricia Mackenney Schmauk, este martes 12 de\nfebrero asumi\u00f3 la Direcci\u00f3n Regional del Servicio Nacional de la Mujer y la\nEquidad de G\u00e9nero, SernamEG Magallanes, la trabajadora social Fabiola Garc\u00eda\nPinto, tras ser seleccionada para el cargo a trav\u00e9s de concurso de Alta\nDirecci\u00f3n P\u00fablica (ADP).<\/p>\n\n\n\n<p>La profesional de la Universidad Aut\u00f3noma de\nChile, cuenta con post\u00edtulos en Intervenci\u00f3n Familiar y Evaluaci\u00f3n y\nPreparaci\u00f3n de Proyectos, y ha ejercido los \u00faltimos diez a\u00f1os en el \u00e1mbito\np\u00fablico, desempa\u00f1\u00e1ndose los \u00faltimos nueve de estos en la Corporaci\u00f3n Nacional de\nDesarrollo Ind\u00edgena, en donde se especializ\u00f3 en fomento productivo y gesti\u00f3n\nsocial, promoviendo la participaci\u00f3n y el liderazgo de mujeres, adem\u00e1s de estar\na cargo de la transversalizaci\u00f3n de las pol\u00edticas de g\u00e9nero en la CONADI en su\nsede central en Temuco. <\/p>\n\n\n\n<p>\u201cComo desaf\u00edos espero que la regi\u00f3n completa\nconozca en detalle el trabajo que ejecuta SernamEG a trav\u00e9s de su oferta\nprogram\u00e1tica, dando por supuesto especial \u00e9nfasis a la erradicaci\u00f3n de la\nviolencia de g\u00e9nero; reforzar el trabajo del servicio para que m\u00e1s mujeres logren\nalcanzar sus autonom\u00edas f\u00edsica, econ\u00f3mica y pol\u00edtica; fortalecer el trabajo\nintersectorial; y avanzar firmemente en el posicionamiento de la Agenda Mujer\nimpulsada por el Gobierno del Presidente Sebasti\u00e1n Pi\u00f1era\u201d expres\u00f3 la nueva autoridad\nregional.<\/p>\n\n\n\n<p>Junto con se\u00f1alar que volver a la regi\u00f3n en\ndonde vivi\u00f3 hace 17 a\u00f1os era parte de sus metas personales, la nueva Directora\nde SernamEG subray\u00f3 su inter\u00e9s por el desempe\u00f1o en el servicio p\u00fablico: \u201cMi\npasi\u00f3n por la funci\u00f3n p\u00fablica la tengo s\u00faper asumida y es eso lo que me motiv\u00f3\na asumir este rol: la importancia de c\u00f3mo nosotros aportamos al pa\u00eds en la\nejecuci\u00f3n de la pol\u00edtica p\u00fablica para poder disminuir las brechas e inequidades\nde las mujeres en el pa\u00eds, y la experiencia que he tenido en mi trabajo con\nmujeres. Siempre me he sentido muy comprometida en empoderar a la mujer de\ntodas las edades, en sus distintos \u00e1mbitos de desarrollo y contextos en que se\ndesenvuelven\u201d declar\u00f3 Garc\u00eda.\n\nLa profesional, quien asume como la primera directora\nen ingresar por ADP en la Direcci\u00f3n Regional, agradeci\u00f3 la confianza depositada\nen ella por la Directora Nacional Viviana Paredes Mendoza, y expres\u00f3 su especial\ninter\u00e9s en trabajar de manera coordinada y asociada con la Serem\u00eda de la Mujer\ny la Equidad de G\u00e9nero en Magallanes. Finalmente, la Directora Regional destac\u00f3\nel recibimiento de los funcionarios y funcionarias del Servicio en la regi\u00f3n: \u201cEl\nhaber podido incorporarme inmediatamente y evidenciar que el equipo completo es\nmuy profesional, t\u00e9cnico, y que demuestra un fuerte compromiso y pasi\u00f3n por el\ntrabajo que est\u00e1n haciendo por la comunidad, y en especial por las mujeres de\nla regi\u00f3n, me llena de entusiasmo\u201d, puntualiz\u00f3\n\n\n\n<\/p>\n","protected":false},"excerpt":{"rendered":"<p>Con el saludo protocolar a la ex Intendenta Regional de Magallanes, Mar\u00eda Teresa Casta\u00f1\u00f3n Silva, y acompa\u00f1ada de la Seremi de la Mujer y la Equidad de G\u00e9nero, Patricia Mackenney&#8230; <a class=\"read-more\" href=\"https:\/\/www.radiopresidenteibanez.cl\/web\/fabiola-garcia-pinto-asume-como-nueva-directora-regional-de-sernameg-magallanes\/\">Leer m\u00e1s<\/a><\/p>\n","protected":false},"author":2,"featured_media":1444,"comment_status":"closed","ping_status":"closed","sticky":false,"template":"","format":"standard","meta":{"footnotes":""},"categories":[1],"tags":[],"class_list":["post-1443","post","type-post","status-publish","format-standard","has-post-thumbnail","hentry","category-cronica"],"_links":{"self":[{"href":"https:\/\/www.radiopresidenteibanez.cl\/web\/wp-json\/wp\/v2\/posts\/1443","targetHints":{"allow":["GET"]}}],"collection":[{"href":"https:\/\/www.radiopresidenteibanez.cl\/web\/wp-json\/wp\/v2\/posts"}],"about":[{"href":"https:\/\/www.radiopresidenteibanez.cl\/web\/wp-json\/wp\/v2\/types\/post"}],"author":[{"embeddable":true,"href":"https:\/\/www.radiopresidenteibanez.cl\/web\/wp-json\/wp\/v2\/users\/2"}],"replies":[{"embeddable":true,"href":"https:\/\/www.radiopresidenteibanez.cl\/web\/wp-json\/wp\/v2\/comments?post=1443"}],"version-history":[{"count":0,"href":"https:\/\/www.radiopresidenteibanez.cl\/web\/wp-json\/wp\/v2\/posts\/1443\/revisions"}],"wp:featuredmedia":[{"embeddable":true,"href":"https:\/\/www.radiopresidenteibanez.cl\/web\/wp-json\/wp\/v2\/media\/1444"}],"wp:attachment":[{"href":"https:\/\/www.radiopresidenteibanez.cl\/web\/wp-json\/wp\/v2\/media?parent=1443"}],"wp:term":[{"taxonomy":"category","embeddable":true,"href":"https:\/\/www.radiopresidenteibanez.cl\/web\/wp-json\/wp\/v2\/categories?post=1443"},{"taxonomy":"post_tag","embeddable":true,"href":"https:\/\/www.radiopresidenteibanez.cl\/web\/wp-json\/wp\/v2\/tags?post=1443"}],"curies":[{"name":"wp","href":"https:\/\/api.w.org\/{rel}","templated":true}]}}