{"id":14429,"date":"2020-08-27T15:59:18","date_gmt":"2020-08-27T15:59:18","guid":{"rendered":"https:\/\/www.radiopresidenteibanez.cl\/web\/?p=14429"},"modified":"2020-08-27T15:59:22","modified_gmt":"2020-08-27T15:59:22","slug":"senador-carlos-bianchi-solicito-a-autoridades-de-salud-aplicar-cuarentena-en-tierra-del-fuego-e-intensificar-control-de-transito-en-dicha-provincia-para-frenar-alza-de-contagios-covid-19","status":"publish","type":"post","link":"https:\/\/www.radiopresidenteibanez.cl\/web\/senador-carlos-bianchi-solicito-a-autoridades-de-salud-aplicar-cuarentena-en-tierra-del-fuego-e-intensificar-control-de-transito-en-dicha-provincia-para-frenar-alza-de-contagios-covid-19\/","title":{"rendered":"SENADOR CARLOS BIANCHI SOLICIT\u00d3 A AUTORIDADES DE SALUD APLICAR CUARENTENA EN TIERRA DEL FUEGO E INTENSIFICAR CONTROL DE TR\u00c1NSITO EN DICHA PROVINCIA PARA FRENAR ALZA DE CONTAGIOS COVID-19"},"content":{"rendered":"\n<p>A trav\u00e9s de la Mesa del senado, el\nsenador de Magallanes Carlos Bianchi, solicit\u00f3 al Ministro Salud, Dr. Enrique\nParis; A los subsecretarios de Salud P\u00fablica y de Redes Asistenciales y a las\ndem\u00e1s autoridades que deban intervenir a fin de que tengan a bien considerar y\nacoger la solicitud tendiente a establecer cuarentena en Tierra del Fuego y\nadoptar medidas mas estrictas para el control de ingreso a dicha provincia.<\/p>\n\n\n\n<p>El parlamentario magall\u00e1nico, explic\u00f3 que \u201clos \u00faltimos acontecimientos y\nun aumento importante de casos covid 19 en la comuna de Porvenir y Primavera\nalert\u00f3 justificadamente a la comunidad, es as\u00ed como a trav\u00e9s de sus diversos\nrepresentantes, en particular sus consejeros regionales representantes de la\nProvincia de Tierra del Fuego, , Andr\u00e9s L\u00f3pez y Manuel Lonc\u00f3n, han solicitado\nanticipar medidas sanitarias m\u00e1s estrictas en dicho territorio y sugieren\naplicar Cuarentena Preventiva y eventual cierre de la isla.\u201d<\/p>\n\n\n\n<p>Bianchi puntualiz\u00f3 que \u201cEntre los argumentos esgrimidos y que hago\npropio, es el reciente fallecimiento de un paciente covid en dicho territorio y\nlos casi 50 casos a la fecha ya detectado en un territorio de baja poblaci\u00f3n y\nlimitadas capacidades en su infraestructura y equipos tanto humanos como\nt\u00e9cnicos para atender un mayor brote, al ser\u00e9 el Hospital Dr. Marcos Chamorro\u201d\nsolo un hospital comunitario.\u201d<\/p>\n\n\n\n<p>El senador de Magallanes, hizo especial \u00e9nfasis en que se debe\nconsiderar como antecedente muy relevante&nbsp;\nque la isla de Tierra del Fuego es un territorio binacional y es paso\nobligado desde y hacia R\u00edo Grande (Argentina) donde a la fecha tambi\u00e9n si\ninforma de un alto porcentaje de contagios y aumento de fallecidos.<\/p>\n\n\n\n<p>\u201cLa solicitud de aplicar cuarentena y cierre de la isla se efect\u00faa con\nla excepci\u00f3n de permitir el acceso de camiones de carga y emergencia, que\ntrasladen alimentos e insumos m\u00e9dicos. Cierto, que dicha medida es la forma efectiva de evitar la propagaci\u00f3n del virus en una comunidad que\nhab\u00eda cumplido cabalmente con el autocuidado que se ve\u00eda reflejado en la muy\nbaja tasa de contagios hasta antes del brote en cuesti\u00f3n.\u201d Puntualiz\u00f3 Bianchi.<\/p>\n","protected":false},"excerpt":{"rendered":"<p>A trav\u00e9s de la Mesa del senado, el senador de Magallanes Carlos Bianchi, solicit\u00f3 al Ministro Salud, Dr. Enrique Paris; A los subsecretarios de Salud P\u00fablica y de Redes Asistenciales&#8230; <a class=\"read-more\" href=\"https:\/\/www.radiopresidenteibanez.cl\/web\/senador-carlos-bianchi-solicito-a-autoridades-de-salud-aplicar-cuarentena-en-tierra-del-fuego-e-intensificar-control-de-transito-en-dicha-provincia-para-frenar-alza-de-contagios-covid-19\/\">Leer m\u00e1s<\/a><\/p>\n","protected":false},"author":2,"featured_media":1915,"comment_status":"closed","ping_status":"closed","sticky":false,"template":"","format":"standard","meta":{"footnotes":""},"categories":[1],"tags":[],"class_list":["post-14429","post","type-post","status-publish","format-standard","has-post-thumbnail","hentry","category-cronica"],"_links":{"self":[{"href":"https:\/\/www.radiopresidenteibanez.cl\/web\/wp-json\/wp\/v2\/posts\/14429","targetHints":{"allow":["GET"]}}],"collection":[{"href":"https:\/\/www.radiopresidenteibanez.cl\/web\/wp-json\/wp\/v2\/posts"}],"about":[{"href":"https:\/\/www.radiopresidenteibanez.cl\/web\/wp-json\/wp\/v2\/types\/post"}],"author":[{"embeddable":true,"href":"https:\/\/www.radiopresidenteibanez.cl\/web\/wp-json\/wp\/v2\/users\/2"}],"replies":[{"embeddable":true,"href":"https:\/\/www.radiopresidenteibanez.cl\/web\/wp-json\/wp\/v2\/comments?post=14429"}],"version-history":[{"count":0,"href":"https:\/\/www.radiopresidenteibanez.cl\/web\/wp-json\/wp\/v2\/posts\/14429\/revisions"}],"wp:featuredmedia":[{"embeddable":true,"href":"https:\/\/www.radiopresidenteibanez.cl\/web\/wp-json\/wp\/v2\/media\/1915"}],"wp:attachment":[{"href":"https:\/\/www.radiopresidenteibanez.cl\/web\/wp-json\/wp\/v2\/media?parent=14429"}],"wp:term":[{"taxonomy":"category","embeddable":true,"href":"https:\/\/www.radiopresidenteibanez.cl\/web\/wp-json\/wp\/v2\/categories?post=14429"},{"taxonomy":"post_tag","embeddable":true,"href":"https:\/\/www.radiopresidenteibanez.cl\/web\/wp-json\/wp\/v2\/tags?post=14429"}],"curies":[{"name":"wp","href":"https:\/\/api.w.org\/{rel}","templated":true}]}}