{"id":14427,"date":"2020-08-27T15:40:03","date_gmt":"2020-08-27T15:40:03","guid":{"rendered":"https:\/\/www.radiopresidenteibanez.cl\/web\/?p=14427"},"modified":"2020-08-27T15:40:07","modified_gmt":"2020-08-27T15:40:07","slug":"senama-activara-residencia-espejo-transitoria-ret-debido-a-contagios-en-eleam-cristina-calderon-harban","status":"publish","type":"post","link":"https:\/\/www.radiopresidenteibanez.cl\/web\/senama-activara-residencia-espejo-transitoria-ret-debido-a-contagios-en-eleam-cristina-calderon-harban\/","title":{"rendered":"SENAMA ACTIVAR\u00c1 RESIDENCIA ESPEJO TRANSITORIA (RET) DEBIDO A CONTAGIOS EN ELEAM \u201cCRISTINA CALDER\u00d3N HARBAN\u201d"},"content":{"rendered":"\n<p>El Servicio Nacional del Adulto Mayor, SENAMA, se encuentra trabajando en conjunto con la Seremi de Salud, la Seremi de Desarrollo Social y Familia y la Fundaci\u00f3n Pather Nostrum, ante los casos confirmados de Covid- 19 en el ELEAM \u201cCristina Calder\u00f3n Harban\u201d, de Punta Arenas.<\/p>\n\n\n\n<p>Debido al aumento de casos en la comuna y como parte del protocolo, se realizaron ex\u00e1menes de PCR preventivo a la totalidad de residentes y funcionarios del recinto, arrojando resultado positivo para 21 personas mayores y 5 funcionarios, gran parte de ellos asintom\u00e1ticos. Se est\u00e1 a la espera del resultado de la totalidad de los ex\u00e1menes por parte de la autoridad sanitaria.<\/p>\n\n\n\n<p>Con el fin de asegurar y resguardar la atenci\u00f3n de las personas mayores, ya se habilitaron espacios de aislamiento al interior del recinto y se procedi\u00f3 al reemplazo del personal para que se cumplan con las cuarentenas respectivas.<\/p>\n\n\n\n<p>Para el Intendente de Magallanes y de la Ant\u00e1rtica Chilena, Jos\u00e9 Fern\u00e1ndez, \u201capenas tuvimos conocimiento de los hechos establecimos una mesa de trabajo con el nivel central, con el objetivo de articular y coordinar las acciones pertinentes para proteger a nuestros mayores, considerando que ellos son parte de uno de los grupos m\u00e1s vulnerables en esta pandemia y que en Magallanes representa el 19,9 % de la poblaci\u00f3n, cifra mayor a la media del pa\u00eds\u201d.&nbsp;<\/p>\n\n\n\n<p>La coordinadora de SENAMA Magallanes, Rebeca Aguilante, precis\u00f3 que \u201cdebido al n\u00famero de contagiados en el ELEAM Cristina Calder\u00f3n Harban, hemos determinado habilitar una residencia espejo transitoria en la comuna de Punta Arenas. Esto nos permitir\u00e1 sumar al trabajo a&nbsp;&nbsp;un equipo multidisciplinario con monitoreo permanente a las personas mayores\u201d<\/p>\n\n\n\n<p>Agreg\u00f3 que \u201cesta situaci\u00f3n&nbsp;ya fue informada a los tutores legales de los residentes afectados y tambi\u00e9n a los familiares de todos los mayores que viven en el ELEAM. Estamos implementando los protocolos de aislamiento establecidos para estas situaciones con el fin de resguardar la salud de los residentes\u201d.<\/p>\n\n\n\n<p><strong>Residencia Espejo Transitoria<\/strong><\/p>\n\n\n\n<p>Las Residencias Espejo Transitorias o RET son espacios que ofrecen y permiten cumplir con un aislamiento efectivo durante 28 d\u00edas a quienes se ven afectados por la enfermedad y residen en alg\u00fan Establecimiento de Larga Estad\u00eda p\u00fablico, con subsidio, privado o informal.<\/p>\n\n\n\n<p>Su objetivo principal es entregar cuidado especializado a adultos mayores, para cual se conforma un&nbsp;&nbsp;equipo multidisciplinario, integrado por enfermeras, cuidadores y kinesi\u00f3logos, entre otros, que mantendr\u00e1n un monitoreo permanente de su salud y sus signos vitales, entregando la atenci\u00f3n y protecci\u00f3n que los residentes requieren.<\/p>\n\n\n\n<p>La RET se ubicar\u00e1 en el centro de la ciudad de Punta Arenas, se trata de un espacio que cuenta con 1 piso, 10 habitaciones con ba\u00f1o privado, y amplio comedor, con rampa de acceso y que se ha habilitar\u00e1 especialmente como residencia espejo. Tendr\u00e1 una capacidad inicial para 14 residentes y comenzar\u00e1 a funcionar este fin de semana.<\/p>\n\n\n\n<p>En la residencia viven 62 personas mayores, encontr\u00e1ndose hasta este momento en buenas condiciones de salud.<\/p>\n","protected":false},"excerpt":{"rendered":"<p>El Servicio Nacional del Adulto Mayor, SENAMA, se encuentra trabajando en conjunto con la Seremi de Salud, la Seremi de Desarrollo Social y Familia y la Fundaci\u00f3n Pather Nostrum, ante&#8230; <a class=\"read-more\" href=\"https:\/\/www.radiopresidenteibanez.cl\/web\/senama-activara-residencia-espejo-transitoria-ret-debido-a-contagios-en-eleam-cristina-calderon-harban\/\">Leer m\u00e1s<\/a><\/p>\n","protected":false},"author":2,"featured_media":740,"comment_status":"closed","ping_status":"closed","sticky":false,"template":"","format":"standard","meta":{"footnotes":""},"categories":[1],"tags":[],"class_list":["post-14427","post","type-post","status-publish","format-standard","has-post-thumbnail","hentry","category-cronica"],"_links":{"self":[{"href":"https:\/\/www.radiopresidenteibanez.cl\/web\/wp-json\/wp\/v2\/posts\/14427","targetHints":{"allow":["GET"]}}],"collection":[{"href":"https:\/\/www.radiopresidenteibanez.cl\/web\/wp-json\/wp\/v2\/posts"}],"about":[{"href":"https:\/\/www.radiopresidenteibanez.cl\/web\/wp-json\/wp\/v2\/types\/post"}],"author":[{"embeddable":true,"href":"https:\/\/www.radiopresidenteibanez.cl\/web\/wp-json\/wp\/v2\/users\/2"}],"replies":[{"embeddable":true,"href":"https:\/\/www.radiopresidenteibanez.cl\/web\/wp-json\/wp\/v2\/comments?post=14427"}],"version-history":[{"count":0,"href":"https:\/\/www.radiopresidenteibanez.cl\/web\/wp-json\/wp\/v2\/posts\/14427\/revisions"}],"wp:featuredmedia":[{"embeddable":true,"href":"https:\/\/www.radiopresidenteibanez.cl\/web\/wp-json\/wp\/v2\/media\/740"}],"wp:attachment":[{"href":"https:\/\/www.radiopresidenteibanez.cl\/web\/wp-json\/wp\/v2\/media?parent=14427"}],"wp:term":[{"taxonomy":"category","embeddable":true,"href":"https:\/\/www.radiopresidenteibanez.cl\/web\/wp-json\/wp\/v2\/categories?post=14427"},{"taxonomy":"post_tag","embeddable":true,"href":"https:\/\/www.radiopresidenteibanez.cl\/web\/wp-json\/wp\/v2\/tags?post=14427"}],"curies":[{"name":"wp","href":"https:\/\/api.w.org\/{rel}","templated":true}]}}