{"id":14419,"date":"2020-08-26T18:28:03","date_gmt":"2020-08-26T18:28:03","guid":{"rendered":"https:\/\/www.radiopresidenteibanez.cl\/web\/?p=14419"},"modified":"2020-08-26T18:28:09","modified_gmt":"2020-08-26T18:28:09","slug":"estacion-de-campo-alojo-durante-5-meses-a-personal-de-salud-que-llego-a-puerto-williams","status":"publish","type":"post","link":"https:\/\/www.radiopresidenteibanez.cl\/web\/estacion-de-campo-alojo-durante-5-meses-a-personal-de-salud-que-llego-a-puerto-williams\/","title":{"rendered":"ESTACI\u00d3N DE CAMPO ALOJ\u00d3 DURANTE 5 MESES A PERSONAL DE SALUD QUE LLEG\u00d3 A PUERTO WILLIAMS"},"content":{"rendered":"\n<p>Poco m\u00e1s de 30\nfuncionarios del Servicio de Salud de Magallanes se beneficiaron al poder\nalojar en la Estaci\u00f3n de Filosof\u00eda Ambiental de Campo, de Parque Omora, en\nPuerto Williams y que fue cedida durante cinco meses para que profesionales de\nPunta Arenas apoyaran en el trabajo de control de la pandemia del coronavirus\nen la comuna Cabo de Hornos.<\/p>\n\n\n\n<p>Las instalaciones\nque son parte del Programa de Conservaci\u00f3n Biocultural Subant\u00e1rtica del\nInstituto de Ecolog\u00eda y Biodiversidad, de la Universidad de Magallanes, de\nFundaci\u00f3n Omora y apoyo de la Universidad de North Texas (EE.UU.) disponen de\nhabitaciones para alojar a 24 personas, tres oficinas y un laboratorio.<\/p>\n\n\n\n<p>El director del\nHospital Comunitario \u201cCristina Calder\u00f3n\u201d de Puerto Williams, Fabi\u00e1n Barrientos,\nagradeci\u00f3 el haber dispuesto de la Estaci\u00f3n de Campo que recientemente fue\nregresada a los investigadores.<\/p>\n\n\n\n<p>\u201cPara nosotros como\nhospital comunitario la casa Omora y el apoyo de la Umag fue fundamental para\ndar inicio a toda la estrategia y control de la pandemia Covid-19. All\u00ed pudimos\nalbergar a funcionarios que vinieron de apoyo y refuerzo, desde t\u00e9cnicos en enfermer\u00eda,\nenfermeras y m\u00e9dicos que estuvieron desde el inicio de la pandemia porque\nfuimos de las primeras comunas de la regi\u00f3n con brote y con gran cantidad de\ncontagiados\u201d, explic\u00f3 Barrientos.<\/p>\n\n\n\n<p>Adem\u00e1s, calific\u00f3 de\nfundamental el apoyo al disponer de las comodidades y considerando que fue\ncedida gratuitamente en medio de la situaci\u00f3n de la emergencia sanitaria que ha\ninvolucrado gran gasto de recursos para Salud. \u201cAlojar a nuestros funcionarios\nque ven\u00edan a apoyarnos fue fundamental y estamos muy agradecidos de toda la\nayuda que nos proporcion\u00f3 la Umag hacia el hospital comunitario y hacia el\nServicio de Salud de Magallanes\u201d, dijo.<\/p>\n","protected":false},"excerpt":{"rendered":"<p>Poco m\u00e1s de 30 funcionarios del Servicio de Salud de Magallanes se beneficiaron al poder alojar en la Estaci\u00f3n de Filosof\u00eda Ambiental de Campo, de Parque Omora, en Puerto Williams&#8230; <a class=\"read-more\" href=\"https:\/\/www.radiopresidenteibanez.cl\/web\/estacion-de-campo-alojo-durante-5-meses-a-personal-de-salud-que-llego-a-puerto-williams\/\">Leer m\u00e1s<\/a><\/p>\n","protected":false},"author":2,"featured_media":14420,"comment_status":"closed","ping_status":"closed","sticky":false,"template":"","format":"standard","meta":{"footnotes":""},"categories":[1],"tags":[],"class_list":["post-14419","post","type-post","status-publish","format-standard","has-post-thumbnail","hentry","category-cronica"],"_links":{"self":[{"href":"https:\/\/www.radiopresidenteibanez.cl\/web\/wp-json\/wp\/v2\/posts\/14419","targetHints":{"allow":["GET"]}}],"collection":[{"href":"https:\/\/www.radiopresidenteibanez.cl\/web\/wp-json\/wp\/v2\/posts"}],"about":[{"href":"https:\/\/www.radiopresidenteibanez.cl\/web\/wp-json\/wp\/v2\/types\/post"}],"author":[{"embeddable":true,"href":"https:\/\/www.radiopresidenteibanez.cl\/web\/wp-json\/wp\/v2\/users\/2"}],"replies":[{"embeddable":true,"href":"https:\/\/www.radiopresidenteibanez.cl\/web\/wp-json\/wp\/v2\/comments?post=14419"}],"version-history":[{"count":0,"href":"https:\/\/www.radiopresidenteibanez.cl\/web\/wp-json\/wp\/v2\/posts\/14419\/revisions"}],"wp:featuredmedia":[{"embeddable":true,"href":"https:\/\/www.radiopresidenteibanez.cl\/web\/wp-json\/wp\/v2\/media\/14420"}],"wp:attachment":[{"href":"https:\/\/www.radiopresidenteibanez.cl\/web\/wp-json\/wp\/v2\/media?parent=14419"}],"wp:term":[{"taxonomy":"category","embeddable":true,"href":"https:\/\/www.radiopresidenteibanez.cl\/web\/wp-json\/wp\/v2\/categories?post=14419"},{"taxonomy":"post_tag","embeddable":true,"href":"https:\/\/www.radiopresidenteibanez.cl\/web\/wp-json\/wp\/v2\/tags?post=14419"}],"curies":[{"name":"wp","href":"https:\/\/api.w.org\/{rel}","templated":true}]}}