{"id":14412,"date":"2020-08-26T15:09:03","date_gmt":"2020-08-26T15:09:03","guid":{"rendered":"https:\/\/www.radiopresidenteibanez.cl\/web\/?p=14412"},"modified":"2020-08-26T15:09:07","modified_gmt":"2020-08-26T15:09:07","slug":"seremi-de-educacion-conmemora-el-dia-del-profesor-normalista","status":"publish","type":"post","link":"https:\/\/www.radiopresidenteibanez.cl\/web\/seremi-de-educacion-conmemora-el-dia-del-profesor-normalista\/","title":{"rendered":"SEREMI DE EDUCACI\u00d3N CONMEMORA EL D\u00cdA DEL PROFESOR NORMALISTA"},"content":{"rendered":"\n<p>Hoy 26 de agosto se conmemoran los 100 a\u00f1os de la promulgaci\u00f3n de la Ley de Educaci\u00f3n Primaria Obligatoria, hito que estableci\u00f3 como deber del Estado dar a todos los ni\u00f1os y ni\u00f1as, acceso gratuito a las escuelas.<\/p>\n\n\n\n<p>En este d\u00eda, el&nbsp;<strong>Seremi de Educaci\u00f3n de Magallanes, Rodrigo Sep\u00falveda Tagle<\/strong>, ha querido recordar esta fecha haciendo relevancia en saludar al Profesor y Profesora Normalista, hito instituido por el decreto N\u00ba 162 del a\u00f1o 2005, en una fecha que coincide con la promulgaci\u00f3n de la Ley de Instrucci\u00f3n Primaria Obligatoria, del a\u00f1o 1920.<\/p>\n\n\n\n<p>\u201cValoramos el aporte del profesor normalista en la educaci\u00f3n chilena, que se formaron en las escuelas normales de manera integral, convirti\u00e9ndose en s\u00edmbolos de lo que debe ser la Educaci\u00f3n. Es deber resaltar su vocaci\u00f3n, que siempre se ha destacado en actividades propias de la docencia y la direcci\u00f3n, formando generaciones de hombres y mujeres integrales. Por ello, agradecemos a cada uno por su dedicaci\u00f3n, su entrega a la ense\u00f1anza que dieron a tantos estudiantes y que hoy son su ejemplo\u201d, dijo Sep\u00falveda Tagle.<\/p>\n\n\n\n<p>Junto a lo anterior, Sep\u00falveda Tagle reconoce la trascendencia de la ley que cre\u00f3 las Escuelas Normalistas, que lucharon por la educaci\u00f3n p\u00fablica, gratuita e integral. \u201cLos maestros normalistas eran formados adem\u00e1s con un gran compromiso social transform\u00e1ndose en transmisores del saber y, al mismo tiempo, guiando en la b\u00fasqueda de los conocimientos que enriquec\u00edan el proceso formativo del estudiante. En el fondo de todas sus acciones, siempre estuvo el profundo sentimiento de que cada ni\u00f1o, ni\u00f1a o joven puede aprender y, en la medida en que lo logra, llega a ser mejor ciudadano e integrante responsable de nuestra sociedad. En definitiva, el noble trabajo de los profesores normalistas consiste en formar a mejores seres humanos\u201d, agreg\u00f3.<\/p>\n\n\n\n<p>Hoy, al conmemorar este centenario, el Seremi de Educaci\u00f3n de Magallanes reconoce, en momentos en que la educaci\u00f3n afronta sus mayores desaf\u00edos en medio de la pandemia por covid19, el profundo sentimiento de agradecimiento hacia los profesores normalistas. \u201cSoy hijo de padres profesores y normalistas, que me formaron para ser un educador con responsabilidad social. No tengo m\u00e1s que reconocer con profundo respeto y cari\u00f1o la labor de cada uno de estos docentes, que desempe\u00f1aron funciones, que dedicaron adem\u00e1s amor y cari\u00f1o a tantos ni\u00f1os que formaron\u201d, finaliz\u00f3.<\/p>\n","protected":false},"excerpt":{"rendered":"<p>Hoy 26 de agosto se conmemoran los 100 a\u00f1os de la promulgaci\u00f3n de la Ley de Educaci\u00f3n Primaria Obligatoria, hito que estableci\u00f3 como deber del Estado dar a todos los&#8230; <a class=\"read-more\" href=\"https:\/\/www.radiopresidenteibanez.cl\/web\/seremi-de-educacion-conmemora-el-dia-del-profesor-normalista\/\">Leer m\u00e1s<\/a><\/p>\n","protected":false},"author":2,"featured_media":14413,"comment_status":"closed","ping_status":"closed","sticky":false,"template":"","format":"standard","meta":{"footnotes":""},"categories":[1],"tags":[],"class_list":["post-14412","post","type-post","status-publish","format-standard","has-post-thumbnail","hentry","category-cronica"],"_links":{"self":[{"href":"https:\/\/www.radiopresidenteibanez.cl\/web\/wp-json\/wp\/v2\/posts\/14412","targetHints":{"allow":["GET"]}}],"collection":[{"href":"https:\/\/www.radiopresidenteibanez.cl\/web\/wp-json\/wp\/v2\/posts"}],"about":[{"href":"https:\/\/www.radiopresidenteibanez.cl\/web\/wp-json\/wp\/v2\/types\/post"}],"author":[{"embeddable":true,"href":"https:\/\/www.radiopresidenteibanez.cl\/web\/wp-json\/wp\/v2\/users\/2"}],"replies":[{"embeddable":true,"href":"https:\/\/www.radiopresidenteibanez.cl\/web\/wp-json\/wp\/v2\/comments?post=14412"}],"version-history":[{"count":0,"href":"https:\/\/www.radiopresidenteibanez.cl\/web\/wp-json\/wp\/v2\/posts\/14412\/revisions"}],"wp:featuredmedia":[{"embeddable":true,"href":"https:\/\/www.radiopresidenteibanez.cl\/web\/wp-json\/wp\/v2\/media\/14413"}],"wp:attachment":[{"href":"https:\/\/www.radiopresidenteibanez.cl\/web\/wp-json\/wp\/v2\/media?parent=14412"}],"wp:term":[{"taxonomy":"category","embeddable":true,"href":"https:\/\/www.radiopresidenteibanez.cl\/web\/wp-json\/wp\/v2\/categories?post=14412"},{"taxonomy":"post_tag","embeddable":true,"href":"https:\/\/www.radiopresidenteibanez.cl\/web\/wp-json\/wp\/v2\/tags?post=14412"}],"curies":[{"name":"wp","href":"https:\/\/api.w.org\/{rel}","templated":true}]}}