{"id":14408,"date":"2020-08-26T13:16:49","date_gmt":"2020-08-26T13:16:49","guid":{"rendered":"https:\/\/www.radiopresidenteibanez.cl\/web\/?p=14408"},"modified":"2020-08-26T13:16:53","modified_gmt":"2020-08-26T13:16:53","slug":"regreso-de-contingente-de-la-v-division-de-ejercito-a-magallanes","status":"publish","type":"post","link":"https:\/\/www.radiopresidenteibanez.cl\/web\/regreso-de-contingente-de-la-v-division-de-ejercito-a-magallanes\/","title":{"rendered":"REGRESO DE CONTINGENTE DE LA V DIVISI\u00d3N DE EJ\u00c9RCITO A MAGALLANES"},"content":{"rendered":"\n<p>Durante la jornada del 26 de agosto se inici\u00f3 el regreso de parte del contingente desplegado en otras regiones del pa\u00eds, esto producto del actual contexto de pandemia por Covid-19, el cual ha exigido un arduo trabajo por parte de los diferentes componentes de las Fuerzas Armadas y de Orden en todo el territorio nacional.<\/p>\n\n\n\n<p>Es de esta manera que 133 efectivos pertenecientes a la V Divisi\u00f3n de Ej\u00e9rcito, de los cuales 61 arribaron a la ciudad de Punta Arenas y los restantes lo har\u00e1n durante la jornada del 27 de agosto. Esto bajo estrictos protocolos de aislamiento con el objetivo de poder aplicar los ex\u00e1menes de PCR, manteniendo los procesos de cuarentena dentro de las instalaciones sanitarias militares dispuestas por la instituci\u00f3n para estos fines y evitar posible propagaci\u00f3n del virus.<\/p>\n\n\n\n<p>Es de esta manera que se mantienen las diferentes medidas en resguardo de la comunidad, contribuyendo al esfuerzo mancomunado en el control de la actual pandemia que se ha desarrollado en nuestro pa\u00eds.<\/p>\n\n\n\n<p>Los diferentes efectivos de la V Divisi\u00f3n fueron desplegados en las regiones de Los R\u00edos, Maule y Metropolitana, manteni\u00e9ndose por un per\u00edodo de entre &nbsp;un mes y medio y&nbsp; tres meses prestando valioso apoyo a la comunidad en diferentes ciudades de nuestro pa\u00eds.<\/p>\n\n\n\n<p>El retorno de los efectivos de la V Divisi\u00f3n de Ej\u00e9rcito aun desplegados se materializar\u00e1 dentro de los pr\u00f3ximos 15 d\u00edas, esto con el fin de mantener los procesos sanitarios establecidos, de esta manera continuando el Ej\u00e9rcito de Chile apoyando en este esfuerzo nacional y manteni\u00e9ndose al servicio en todo nuestro territorio, asumiendo las tareas y desaf\u00edos que el actual desaf\u00edo exige a toda la naci\u00f3n.<\/p>\n","protected":false},"excerpt":{"rendered":"<p>Durante la jornada del 26 de agosto se inici\u00f3 el regreso de parte del contingente desplegado en otras regiones del pa\u00eds, esto producto del actual contexto de pandemia por Covid-19,&#8230; <a class=\"read-more\" href=\"https:\/\/www.radiopresidenteibanez.cl\/web\/regreso-de-contingente-de-la-v-division-de-ejercito-a-magallanes\/\">Leer m\u00e1s<\/a><\/p>\n","protected":false},"author":2,"featured_media":14409,"comment_status":"closed","ping_status":"closed","sticky":false,"template":"","format":"standard","meta":{"footnotes":""},"categories":[1],"tags":[],"class_list":["post-14408","post","type-post","status-publish","format-standard","has-post-thumbnail","hentry","category-cronica"],"_links":{"self":[{"href":"https:\/\/www.radiopresidenteibanez.cl\/web\/wp-json\/wp\/v2\/posts\/14408","targetHints":{"allow":["GET"]}}],"collection":[{"href":"https:\/\/www.radiopresidenteibanez.cl\/web\/wp-json\/wp\/v2\/posts"}],"about":[{"href":"https:\/\/www.radiopresidenteibanez.cl\/web\/wp-json\/wp\/v2\/types\/post"}],"author":[{"embeddable":true,"href":"https:\/\/www.radiopresidenteibanez.cl\/web\/wp-json\/wp\/v2\/users\/2"}],"replies":[{"embeddable":true,"href":"https:\/\/www.radiopresidenteibanez.cl\/web\/wp-json\/wp\/v2\/comments?post=14408"}],"version-history":[{"count":0,"href":"https:\/\/www.radiopresidenteibanez.cl\/web\/wp-json\/wp\/v2\/posts\/14408\/revisions"}],"wp:featuredmedia":[{"embeddable":true,"href":"https:\/\/www.radiopresidenteibanez.cl\/web\/wp-json\/wp\/v2\/media\/14409"}],"wp:attachment":[{"href":"https:\/\/www.radiopresidenteibanez.cl\/web\/wp-json\/wp\/v2\/media?parent=14408"}],"wp:term":[{"taxonomy":"category","embeddable":true,"href":"https:\/\/www.radiopresidenteibanez.cl\/web\/wp-json\/wp\/v2\/categories?post=14408"},{"taxonomy":"post_tag","embeddable":true,"href":"https:\/\/www.radiopresidenteibanez.cl\/web\/wp-json\/wp\/v2\/tags?post=14408"}],"curies":[{"name":"wp","href":"https:\/\/api.w.org\/{rel}","templated":true}]}}