{"id":14405,"date":"2020-08-26T13:11:39","date_gmt":"2020-08-26T13:11:39","guid":{"rendered":"https:\/\/www.radiopresidenteibanez.cl\/web\/?p=14405"},"modified":"2020-08-26T13:11:42","modified_gmt":"2020-08-26T13:11:42","slug":"en-prision-preventiva-quedaron-3-imputados-por-crimen-de-desabollador","status":"publish","type":"post","link":"https:\/\/www.radiopresidenteibanez.cl\/web\/en-prision-preventiva-quedaron-3-imputados-por-crimen-de-desabollador\/","title":{"rendered":"EN PRISI\u00d3N PREVENTIVA QUEDARON 3 IMPUTADOS POR CRIMEN DE  DESABOLLADOR"},"content":{"rendered":"\n<p>Como autores del delito consumado del parricidio de Omar Didier D\u00edaz Barr\u00eda, hoy fueron formalizados Margarita P\u00e9rez Mu\u00f1oz, Omar D\u00edaz P\u00e9rez y Constanza D\u00edaz P\u00e9rez, c\u00f3nyuge e hijos, respectivamente, de la v\u00edctima.<\/p>\n\n\n\n<p>\u00a0Durante la audiencia, el Fiscal Jefe de Punta Arenas, Fernando Dobson Soto, comunic\u00f3 a los imputados, que se sigue una investigaci\u00f3n en su contra por los hechos perpetrado el 5 de febrero de 2018, en horas de la noche mientras la v\u00edctima se encontraba al interior de su domicilio, bajo los efectos del alcohol, encontr\u00e1ndose con \u00a0\u00e9l, su c\u00f3nyuge, Margarita P\u00e9rez, y los hijos de ambos, Omar y Contanza, quienes procedieron a agredirlo con un arma cortopunzante en diferentes partes del cuerpo mientras la v\u00edctima se defend\u00eda, resultando con lesiones en antebrazo y manos, cayendo al suelo ex\u00e1nime, pero a\u00fan con vida, por lo que los imputados aumentaron deliberadamente el da\u00f1o, asest\u00e1ndole otras m\u00faltiples estocadas en el \u00e1rea abdominal, espalda, cuello y cabeza,\u00a0 siendo alrededor de 85 heridas que comprometieron la aorta ascendente y causaron anemia aguda lo que condujo a la muerte de la v\u00edctima.<\/p>\n\n\n\n<p>El persecutor agreg\u00f3 que \u00a0con el af\u00e1n de hacer desaparecer el cuerpo de Omar D\u00edaz, intentaron desmembrarlo y quemarlo, traslad\u00e1ndolo a otro lugar donde lo expusieron a la acci\u00f3n de fauna predadora los que le causaron lesiones post muerte, para finalmente trasladarlo a una parcela, lugar donde lo depositaron en un mont\u00edculo de tierra exponi\u00e9ndolo al sol y a la intemperie, sitio donde fue encontrado el 10 de febrero.<\/p>\n\n\n\n<p>A solicitud de la Fiscal\u00eda, el juez de Garant\u00eda Juan Santiago Villa Mart\u00ednez, determin\u00f3 imponer la medida cautelar de prisi\u00f3n preventiva a los imputados. <\/p>\n","protected":false},"excerpt":{"rendered":"<p>Como autores del delito consumado del parricidio de Omar Didier D\u00edaz Barr\u00eda, hoy fueron formalizados Margarita P\u00e9rez Mu\u00f1oz, Omar D\u00edaz P\u00e9rez y Constanza D\u00edaz P\u00e9rez, c\u00f3nyuge e hijos, respectivamente, de&#8230; <a class=\"read-more\" href=\"https:\/\/www.radiopresidenteibanez.cl\/web\/en-prision-preventiva-quedaron-3-imputados-por-crimen-de-desabollador\/\">Leer m\u00e1s<\/a><\/p>\n","protected":false},"author":2,"featured_media":14406,"comment_status":"closed","ping_status":"closed","sticky":false,"template":"","format":"standard","meta":{"footnotes":""},"categories":[1],"tags":[],"class_list":["post-14405","post","type-post","status-publish","format-standard","has-post-thumbnail","hentry","category-cronica"],"_links":{"self":[{"href":"https:\/\/www.radiopresidenteibanez.cl\/web\/wp-json\/wp\/v2\/posts\/14405","targetHints":{"allow":["GET"]}}],"collection":[{"href":"https:\/\/www.radiopresidenteibanez.cl\/web\/wp-json\/wp\/v2\/posts"}],"about":[{"href":"https:\/\/www.radiopresidenteibanez.cl\/web\/wp-json\/wp\/v2\/types\/post"}],"author":[{"embeddable":true,"href":"https:\/\/www.radiopresidenteibanez.cl\/web\/wp-json\/wp\/v2\/users\/2"}],"replies":[{"embeddable":true,"href":"https:\/\/www.radiopresidenteibanez.cl\/web\/wp-json\/wp\/v2\/comments?post=14405"}],"version-history":[{"count":0,"href":"https:\/\/www.radiopresidenteibanez.cl\/web\/wp-json\/wp\/v2\/posts\/14405\/revisions"}],"wp:featuredmedia":[{"embeddable":true,"href":"https:\/\/www.radiopresidenteibanez.cl\/web\/wp-json\/wp\/v2\/media\/14406"}],"wp:attachment":[{"href":"https:\/\/www.radiopresidenteibanez.cl\/web\/wp-json\/wp\/v2\/media?parent=14405"}],"wp:term":[{"taxonomy":"category","embeddable":true,"href":"https:\/\/www.radiopresidenteibanez.cl\/web\/wp-json\/wp\/v2\/categories?post=14405"},{"taxonomy":"post_tag","embeddable":true,"href":"https:\/\/www.radiopresidenteibanez.cl\/web\/wp-json\/wp\/v2\/tags?post=14405"}],"curies":[{"name":"wp","href":"https:\/\/api.w.org\/{rel}","templated":true}]}}