{"id":14398,"date":"2020-08-25T21:32:57","date_gmt":"2020-08-25T21:32:57","guid":{"rendered":"https:\/\/www.radiopresidenteibanez.cl\/web\/?p=14398"},"modified":"2020-08-25T21:33:01","modified_gmt":"2020-08-25T21:33:01","slug":"concejo-municipal-de-natales-otorga-decreto-que-reconoce-los-100-anos-de-vida-del-club-deportivo-esmeralda","status":"publish","type":"post","link":"https:\/\/www.radiopresidenteibanez.cl\/web\/concejo-municipal-de-natales-otorga-decreto-que-reconoce-los-100-anos-de-vida-del-club-deportivo-esmeralda\/","title":{"rendered":"CONCEJO MUNICIPAL DE NATALES OTORGA DECRETO QUE RECONOCE LOS 100 A\u00d1OS DE VIDA DEL CLUB DEPORTIVO ESMERALDA"},"content":{"rendered":"\n<p>Hasta la sala\nde reuniones \u201cOctavio Castro S\u00e1ez\u201d, lleg\u00f3 la directiva del Club Deportivo\nSocial y Cultural Esmeralda para recibir el decreto municipal que reconoce la\nfundaci\u00f3n del Club el 25 de agosto de 1920 bajo el nombre Club Deportivo\nLibertad.<\/p>\n\n\n\n<p>Esto tras la\nsolicitud de su presidente y gracias al acuerdo un\u00e1nime del Concejo Municipal\nde Natales, quienes reconocieron el registro hist\u00f3rico y patrimonial del\ncentenario club de la provincia.<\/p>\n\n\n\n<p>La m\u00e1xima\nautoridad comunal, Fernando Paredes Mansilla, valor\u00f3 el gran aporte cultural,\ndeportivo y social del Club Esmeralda durante estos cien a\u00f1os de vida.<\/p>\n\n\n\n<p>\u201cManifestar\nnuestras palabras de gratitud y de reconociento. Quiero decir que hoy d\u00eda\nestamos cumpliendo algo que era un compromiso que sostuvimos como \u00f3rgano\ncolegiado en el mes de mayo bajo el contexto de nuestro aniversario como\nciudad, y hoy, me siento orgulloso de estar formando parte de la historia,\ndonde estamos reconociendo algo que es justo pero que finalmente, retribuye\ntodo este trabajo que por a\u00f1os ha hecho el Club Deportivo Esmeralda en\nbeneficio de la ciudad de Puerto Natales\u201d. <\/p>\n\n\n\n<p>Por su parte, Cristian\nCatrin, presidente del club, agradeci\u00f3 al Concejo Municipal por reconocer los\ncien a\u00f1os de historia de la instituci\u00f3n. \u201cEs bastante satisfactorio para\nnosotros poder lograr cien a\u00f1os, hoy d\u00eda llegar a cien a\u00f1os en una instituci\u00f3n\nes bastante complejo m\u00e1s en los tiempos que estamos pasando\u201d.<\/p>\n\n\n\n<p>Adem\u00e1s,\nreconoci\u00f3 el trabajo realizado en la nueva instalaci\u00f3n, \u201cnosotros somos una\ndirectiva nueva que nos formamos el 2017, hemos tenido un trabajo arduo con el\nnuevo club que se est\u00e1 entregando para este a\u00f1o, as\u00ed que desde la directiva\nestamos bastantes contentos con eso\u201d.<\/p>\n\n\n\n<p>Cabe destacar\nque dentro de los pr\u00f3ximos meses el Club Deportivo Esmeralda recibir\u00e1 una\nremodelada sede con 1.407 m\u00b2\nconstruidos, contando con albergue, un sal\u00f3n, escenario, camarines y ba\u00f1os\np\u00fablicos, gracias a una inversi\u00f3n de $1.290 millones de pesos que tendr\u00e1n como benficiarios a los\nsocios del club y la ciudad en general.<\/p>\n\n\n\n<p>Finalmente, el\ncuerpo de concejales destac\u00f3 la importancia de reconocer la labor realizada por\ncada uno de los socios y deportistas de Club Esmeralda durante estos a\u00f1os.<\/p>\n","protected":false},"excerpt":{"rendered":"<p>Hasta la sala de reuniones \u201cOctavio Castro S\u00e1ez\u201d, lleg\u00f3 la directiva del Club Deportivo Social y Cultural Esmeralda para recibir el decreto municipal que reconoce la fundaci\u00f3n del Club el&#8230; <a class=\"read-more\" href=\"https:\/\/www.radiopresidenteibanez.cl\/web\/concejo-municipal-de-natales-otorga-decreto-que-reconoce-los-100-anos-de-vida-del-club-deportivo-esmeralda\/\">Leer m\u00e1s<\/a><\/p>\n","protected":false},"author":2,"featured_media":14399,"comment_status":"closed","ping_status":"closed","sticky":false,"template":"","format":"standard","meta":{"footnotes":""},"categories":[1],"tags":[],"class_list":["post-14398","post","type-post","status-publish","format-standard","has-post-thumbnail","hentry","category-cronica"],"_links":{"self":[{"href":"https:\/\/www.radiopresidenteibanez.cl\/web\/wp-json\/wp\/v2\/posts\/14398","targetHints":{"allow":["GET"]}}],"collection":[{"href":"https:\/\/www.radiopresidenteibanez.cl\/web\/wp-json\/wp\/v2\/posts"}],"about":[{"href":"https:\/\/www.radiopresidenteibanez.cl\/web\/wp-json\/wp\/v2\/types\/post"}],"author":[{"embeddable":true,"href":"https:\/\/www.radiopresidenteibanez.cl\/web\/wp-json\/wp\/v2\/users\/2"}],"replies":[{"embeddable":true,"href":"https:\/\/www.radiopresidenteibanez.cl\/web\/wp-json\/wp\/v2\/comments?post=14398"}],"version-history":[{"count":0,"href":"https:\/\/www.radiopresidenteibanez.cl\/web\/wp-json\/wp\/v2\/posts\/14398\/revisions"}],"wp:featuredmedia":[{"embeddable":true,"href":"https:\/\/www.radiopresidenteibanez.cl\/web\/wp-json\/wp\/v2\/media\/14399"}],"wp:attachment":[{"href":"https:\/\/www.radiopresidenteibanez.cl\/web\/wp-json\/wp\/v2\/media?parent=14398"}],"wp:term":[{"taxonomy":"category","embeddable":true,"href":"https:\/\/www.radiopresidenteibanez.cl\/web\/wp-json\/wp\/v2\/categories?post=14398"},{"taxonomy":"post_tag","embeddable":true,"href":"https:\/\/www.radiopresidenteibanez.cl\/web\/wp-json\/wp\/v2\/tags?post=14398"}],"curies":[{"name":"wp","href":"https:\/\/api.w.org\/{rel}","templated":true}]}}