{"id":14394,"date":"2020-08-25T20:52:56","date_gmt":"2020-08-25T20:52:56","guid":{"rendered":"https:\/\/www.radiopresidenteibanez.cl\/web\/?p=14394"},"modified":"2020-08-25T20:53:00","modified_gmt":"2020-08-25T20:53:00","slug":"senadora-goic-encabeza-grupo-transversal-de-parlamentarias-que-piden-a-ministro-briones-enfoque-de-genero-en-reactivacion-economica","status":"publish","type":"post","link":"https:\/\/www.radiopresidenteibanez.cl\/web\/senadora-goic-encabeza-grupo-transversal-de-parlamentarias-que-piden-a-ministro-briones-enfoque-de-genero-en-reactivacion-economica\/","title":{"rendered":"SENADORA GOIC ENCABEZA GRUPO TRANSVERSAL DE PARLAMENTARIAS QUE PIDEN A MINISTRO BRIONES ENFOQUE DE G\u00c9NERO EN REACTIVACI\u00d3N ECON\u00d3MICA"},"content":{"rendered":"\n<p>La senadora\nCarolina Goic (DC), junto a sus pares Marcela Sabat (RN); Ena Von Baer (UDI) y\nXimena Rinc\u00f3n (DC), se reunieron con el ministro de Hacienda, Ignacio Briones,\npara entregarle una serie de iniciativas para instalar un enfoque de g\u00e9nero en\nla reactivaci\u00f3n econ\u00f3mica.<\/p>\n\n\n\n<p>Las medidas\napuntan a subsidios laborales con enfoque de g\u00e9nero; apoyo financiero a Salas\nCunas y Jardines Infantiles (vitales para madres trabajadoras); que se incluya\nen subsidio al empleo a las trabajadoras de casa particular; apoyo a\nemprendedoras y microemprendedoras; licitaciones que aseguren perspectiva de g\u00e9nero;\ny aumento de la inversi\u00f3n p\u00fablica en sectores con mayoritaria participaci\u00f3n\nlaboral femenina, entre los principales puntos.<\/p>\n\n\n\n<p>Tras la\nreuni\u00f3n la Senadora Goic dijo que \u201csi no tomamos hoy las medidas recomendadas\nestaremos condenando a miles de mujeres que hab\u00edan accedido al mercado del\ntrabajo a quedar en el desempleo y retrocederemos una d\u00e9cada en la inclusi\u00f3n\nlaboral femenina que tanto hab\u00eda costado. Por eso es tan importante tomar\nmedidas audaces ahora\u201d.<\/p>\n\n\n\n<p>Por su parte\nla senadora Sabat se\u00f1al\u00f3 que \u00abla pandemia ha azotado al empleo\nfemenino,&nbsp;ha profundizado las brechas, por lo que debemos tomar medidas\nurgentes&nbsp;por esas miles de madres trabajadoras que hoy lo est\u00e1n pasando\nmal, y son el sustento de sus familias y hogares\u00bb.<\/p>\n\n\n\n<p>Por su parte\nel ministro de Hacienda&nbsp; asegur\u00f3 que\n\u00abtuvimos una buena conversaci\u00f3n, para darle un sello de g\u00e9nero a la\nreactivaci\u00f3n. Hay una preocupaci\u00f3n por la equidad de g\u00e9nero, algo que el pa\u00eds\nest\u00e1 empe\u00f1ado y nosotros apoyamos. He recibido las propuestas, las vamos a\nanalizar, y empujar en la direcci\u00f3n que me plantean las senadoras\u00bb.<\/p>\n","protected":false},"excerpt":{"rendered":"<p>La senadora Carolina Goic (DC), junto a sus pares Marcela Sabat (RN); Ena Von Baer (UDI) y Ximena Rinc\u00f3n (DC), se reunieron con el ministro de Hacienda, Ignacio Briones, para&#8230; <a class=\"read-more\" href=\"https:\/\/www.radiopresidenteibanez.cl\/web\/senadora-goic-encabeza-grupo-transversal-de-parlamentarias-que-piden-a-ministro-briones-enfoque-de-genero-en-reactivacion-economica\/\">Leer m\u00e1s<\/a><\/p>\n","protected":false},"author":2,"featured_media":13906,"comment_status":"closed","ping_status":"closed","sticky":false,"template":"","format":"standard","meta":{"footnotes":""},"categories":[1],"tags":[],"class_list":["post-14394","post","type-post","status-publish","format-standard","has-post-thumbnail","hentry","category-cronica"],"_links":{"self":[{"href":"https:\/\/www.radiopresidenteibanez.cl\/web\/wp-json\/wp\/v2\/posts\/14394","targetHints":{"allow":["GET"]}}],"collection":[{"href":"https:\/\/www.radiopresidenteibanez.cl\/web\/wp-json\/wp\/v2\/posts"}],"about":[{"href":"https:\/\/www.radiopresidenteibanez.cl\/web\/wp-json\/wp\/v2\/types\/post"}],"author":[{"embeddable":true,"href":"https:\/\/www.radiopresidenteibanez.cl\/web\/wp-json\/wp\/v2\/users\/2"}],"replies":[{"embeddable":true,"href":"https:\/\/www.radiopresidenteibanez.cl\/web\/wp-json\/wp\/v2\/comments?post=14394"}],"version-history":[{"count":0,"href":"https:\/\/www.radiopresidenteibanez.cl\/web\/wp-json\/wp\/v2\/posts\/14394\/revisions"}],"wp:featuredmedia":[{"embeddable":true,"href":"https:\/\/www.radiopresidenteibanez.cl\/web\/wp-json\/wp\/v2\/media\/13906"}],"wp:attachment":[{"href":"https:\/\/www.radiopresidenteibanez.cl\/web\/wp-json\/wp\/v2\/media?parent=14394"}],"wp:term":[{"taxonomy":"category","embeddable":true,"href":"https:\/\/www.radiopresidenteibanez.cl\/web\/wp-json\/wp\/v2\/categories?post=14394"},{"taxonomy":"post_tag","embeddable":true,"href":"https:\/\/www.radiopresidenteibanez.cl\/web\/wp-json\/wp\/v2\/tags?post=14394"}],"curies":[{"name":"wp","href":"https:\/\/api.w.org\/{rel}","templated":true}]}}