{"id":14391,"date":"2020-08-25T20:46:41","date_gmt":"2020-08-25T20:46:41","guid":{"rendered":"https:\/\/www.radiopresidenteibanez.cl\/web\/?p=14391"},"modified":"2020-08-25T20:46:45","modified_gmt":"2020-08-25T20:46:45","slug":"sence-invita-a-participar-de-su-primera-consulta-ciudadana-apodada-yo-soy-bueno","status":"publish","type":"post","link":"https:\/\/www.radiopresidenteibanez.cl\/web\/sence-invita-a-participar-de-su-primera-consulta-ciudadana-apodada-yo-soy-bueno\/","title":{"rendered":"SENCE INVITA A PARTICIPAR DE SU PRIMERA CONSULTA CIUDADANA APODADA \u201cYO SOY BUENO\u201d"},"content":{"rendered":"\n<p><em>\u201cYo soy Bueno\u201d\nes el nombre de la primera consulta ciudadana de capacitaci\u00f3n levantada por el\nServicio Nacional de Capacitaci\u00f3n y Empleo (Sence) que busca llegar\ndirectamente a los trabajadores de la regi\u00f3n de Magallanes para preguntarles\ncu\u00e1l es su idea de capacitaci\u00f3n.<\/em><em><\/em><\/p>\n\n\n\n<p><em>Partiendo de\nla premisa de que \u201ctodos somos buenos en algo\u201d, esta consulta quiere provocar\nen los magall\u00e1nicos esa reflexi\u00f3n: \u00bfCu\u00e1les son sus talentos y de qu\u00e9 manera, si\ntuvieran la posibilidad de capacitarse, creen que podr\u00edan potenciarlos y\nmejorar su trayectoria laboral? \u00bfQuisieran crecer en sus puestos de trabajo,\nencontrar un nuevo empleo o crear un emprendimiento, etc? La intenci\u00f3n es\nmotivarlos a responder de acuerdo a sus expectativas y proyectos particulares\npara, en el futuro, acceder a los cursos requeridos.<\/em><em><\/em><\/p>\n\n\n\n<p><em>La Seremi del\nTrabajo, Victoria Cort\u00e9s, explic\u00f3 el objetivo de esta consulta e hizo el\nllamado a ser parte de ella. \u201cEsta es una idea innovadora de Sence con la cual\nse busca escuchar directamente a los trabajadores y conocer c\u00f3mo creen ellos\nque los podemos apoyar, con qu\u00e9 materias o nuevas formas de capacitaci\u00f3n. Por\neso, la idea es consultarles qu\u00e9 habilidades les gustar\u00eda potenciar o qu\u00e9 les\nfalta aprender para acceder a los puestos de trabajo que requieren. Para ello,\nes importante la participaci\u00f3n de todos, por eso hacemos el llamado a ser parte\nde esta consulta ciudadana\u201d, invit\u00f3 la secretaria regional.<\/em><em><\/em><\/p>\n\n\n\n<p><em>Al respecto,\nel director regional de Sence Magallanes, Enrique Hern\u00e1ndez, explic\u00f3 que\n\u201csabemos que la realidad de los trabajadores no es la misma en Magallanes que\nen el norte del pa\u00eds. Por ello, estamos invitando a todos los magall\u00e1nicos a\nacceder al sitio <\/em><a href=\"http:\/\/www.yosoybueno.cl\">www.yosoybueno.cl<\/a><em> para que\nparticipen en nuestra primera consulta ciudadana que estar\u00e1 disponible hasta el\npr\u00f3ximo 15 de septiembre\u201d.<\/em><em><\/em><\/p>\n\n\n\n<p><em>La consulta\nes una iniciativa financiada con cargo al 5% de los excedentes del tercer a\u00f1o\nde la Franquicia Tributaria de la OTIC de la C\u00e1mara Chilena de la Construcci\u00f3n.\n<\/em><em><\/em><\/p>\n\n\n\n<p><em>Para ayudar a\ndifundir esta consulta y entregar mayor informaci\u00f3n, se han dispuesto tambi\u00e9n\nperfiles en Instagram y Facebook a trav\u00e9s de @yosoybueno.<\/em><em><\/em><\/p>\n","protected":false},"excerpt":{"rendered":"<p>\u201cYo soy Bueno\u201d es el nombre de la primera consulta ciudadana de capacitaci\u00f3n levantada por el Servicio Nacional de Capacitaci\u00f3n y Empleo (Sence) que busca llegar directamente a los trabajadores&#8230; <a class=\"read-more\" href=\"https:\/\/www.radiopresidenteibanez.cl\/web\/sence-invita-a-participar-de-su-primera-consulta-ciudadana-apodada-yo-soy-bueno\/\">Leer m\u00e1s<\/a><\/p>\n","protected":false},"author":2,"featured_media":14392,"comment_status":"closed","ping_status":"closed","sticky":false,"template":"","format":"standard","meta":{"footnotes":""},"categories":[1],"tags":[],"class_list":["post-14391","post","type-post","status-publish","format-standard","has-post-thumbnail","hentry","category-cronica"],"_links":{"self":[{"href":"https:\/\/www.radiopresidenteibanez.cl\/web\/wp-json\/wp\/v2\/posts\/14391","targetHints":{"allow":["GET"]}}],"collection":[{"href":"https:\/\/www.radiopresidenteibanez.cl\/web\/wp-json\/wp\/v2\/posts"}],"about":[{"href":"https:\/\/www.radiopresidenteibanez.cl\/web\/wp-json\/wp\/v2\/types\/post"}],"author":[{"embeddable":true,"href":"https:\/\/www.radiopresidenteibanez.cl\/web\/wp-json\/wp\/v2\/users\/2"}],"replies":[{"embeddable":true,"href":"https:\/\/www.radiopresidenteibanez.cl\/web\/wp-json\/wp\/v2\/comments?post=14391"}],"version-history":[{"count":0,"href":"https:\/\/www.radiopresidenteibanez.cl\/web\/wp-json\/wp\/v2\/posts\/14391\/revisions"}],"wp:featuredmedia":[{"embeddable":true,"href":"https:\/\/www.radiopresidenteibanez.cl\/web\/wp-json\/wp\/v2\/media\/14392"}],"wp:attachment":[{"href":"https:\/\/www.radiopresidenteibanez.cl\/web\/wp-json\/wp\/v2\/media?parent=14391"}],"wp:term":[{"taxonomy":"category","embeddable":true,"href":"https:\/\/www.radiopresidenteibanez.cl\/web\/wp-json\/wp\/v2\/categories?post=14391"},{"taxonomy":"post_tag","embeddable":true,"href":"https:\/\/www.radiopresidenteibanez.cl\/web\/wp-json\/wp\/v2\/tags?post=14391"}],"curies":[{"name":"wp","href":"https:\/\/api.w.org\/{rel}","templated":true}]}}