{"id":14382,"date":"2020-08-25T14:07:48","date_gmt":"2020-08-25T14:07:48","guid":{"rendered":"https:\/\/www.radiopresidenteibanez.cl\/web\/?p=14382"},"modified":"2020-08-25T14:07:52","modified_gmt":"2020-08-25T14:07:52","slug":"enap-impulsa-fondos-concursables-2020-para-apoyar-a-vecinos-en-medio-de-la-pandemia","status":"publish","type":"post","link":"https:\/\/www.radiopresidenteibanez.cl\/web\/enap-impulsa-fondos-concursables-2020-para-apoyar-a-vecinos-en-medio-de-la-pandemia\/","title":{"rendered":"ENAP IMPULSA FONDOS CONCURSABLES 2020 PARA APOYAR A VECINOS EN MEDIO DE LA PANDEMIA"},"content":{"rendered":"\n<p>En medio del impacto sanitario,\necon\u00f3mico y social que ha provocado la pandemia del Covid-19, ENAP ha asumido\ncomo compromiso ser parte de los esfuerzos que realizan las distintas\ncomunidades para afrontar esta crisis.<\/p>\n\n\n\n<p>Con ese objetivo, la empresa\npresent\u00f3 este lunes los Fondos Concursables \u201cENAP Impulsa\u201d para las comunas de\nConc\u00f3n, Quintero, Hualp\u00e9n y la Regi\u00f3n de Magallanes. En esta \u00faltima, podr\u00e1n\nparticipar organizaciones de las comunas de Punta Arenas, Puerto Natales,\nPrimavera, Porvenir y San Gregorio. <\/p>\n\n\n\n<p>A trav\u00e9s de estos fondos, la\nempresa busca potenciar iniciativas que surjan desde los propios vecinos y que\naborden sus necesidades y preocupaciones particulares en medio de la pandemia.<\/p>\n\n\n\n<p>Tras la exitosa experiencia de\n2019, cuando se lanz\u00f3 la primera versi\u00f3n de los Fondos Concursables ENAP en\nMagallanes recibiendo 81 proyectos, este a\u00f1o se busca reforzar este apoyo,\nteniendo tambi\u00e9n una mirada especial a la crisis sanitaria. En ese sentido, los\nfondos est\u00e1n orientados a organizaciones sociales y juntas de vecinos con tres\nfocos prioritarios:<\/p>\n\n\n\n<p>\u2022&nbsp;&nbsp;&nbsp;&nbsp;&nbsp;&nbsp;&nbsp;&nbsp;&nbsp;&nbsp;&nbsp;&nbsp; Impulsar\nla reactivaci\u00f3n econ\u00f3mica y el emprendimiento: potenciar econom\u00edas locales y\nactividades productivas.<\/p>\n\n\n\n<p>\u2022&nbsp;&nbsp;&nbsp;&nbsp;&nbsp;&nbsp;&nbsp;&nbsp;&nbsp;&nbsp;&nbsp;&nbsp; Adaptaci\u00f3n\nal Covid-19: incentivar iniciativas locales de prevenci\u00f3n y protecci\u00f3n\nsanitaria frente al virus.<\/p>\n\n\n\n<p>\u2022&nbsp;&nbsp;&nbsp;&nbsp;&nbsp;&nbsp;&nbsp;&nbsp;&nbsp;&nbsp;&nbsp;&nbsp; Mejoramiento\nde infraestructura comunitaria: habilitar espacios seguros de uso colectivo.<\/p>\n\n\n\n<p>\u201cEn tiempos de dificultades\necon\u00f3micas, ENAP ha buscado el mecanismo para poder apoyar la reactivaci\u00f3n\necon\u00f3mica de la regi\u00f3n, mediante la promoci\u00f3n de proyectos generados por la\ncomunidad a trav\u00e9s de sus organizaciones territoriales y funcionales, que\npermitan aportar al mejoramiento de las condiciones socioecon\u00f3micas adversas\nproducidas por la pandemia de Covid-19, adem\u00e1s de iniciativas que apunten a\ntomar medidas de contenci\u00f3n del virus\u201d, destac\u00f3 Rodrigo Bustamante, gerente de\nENAP Magallanes.<\/p>\n\n\n\n<p>Para el caso de Magallanes, este\na\u00f1o se dispone de un total de $20 millones, permitiendo que cada proyecto\npostule por un monto m\u00ednimo de $300.000 y un m\u00e1ximo de 1 mill\u00f3n de pesos. El\nper\u00edodo de postulaci\u00f3n se extender\u00e1 hasta el 28 de septiembre. Para mediados de\noctubre, en tanto, est\u00e1 previsto que se den a conocer los proyectos adjudicados\na trav\u00e9s de la p\u00e1gina de Facebook de ENAP Magallanes.<\/p>\n\n\n\n<p>Para atender consultas, se\nrealizar\u00e1 una reuni\u00f3n informativa online el jueves 27 de agosto, a las 15 horas,\nmediante plataforma Teams. Para acceder, se debe enviar un correo electr\u00f3nico a\nSusana Calixto, correo electr\u00f3nico <a href=\"mailto:scalixto@enap.cl\">scalixto@enap.cl<\/a>,\ntel\u00e9fono +56 9 42316383; o Erica Hidalgo al correo electr\u00f3nico <a href=\"mailto:ehidalgo@enap.cl\">ehidalgo@enap.cl<\/a>, tel\u00e9fono +56 9 88198872. <\/p>\n\n\n\n<p>Las bases de este Fondo\nConcursable, adem\u00e1s del formulario de postulaci\u00f3n, lo pueden encontrar en un\nlink publicado en el Facebook de ENAP Magallanes.<\/p>\n","protected":false},"excerpt":{"rendered":"<p>En medio del impacto sanitario, econ\u00f3mico y social que ha provocado la pandemia del Covid-19, ENAP ha asumido como compromiso ser parte de los esfuerzos que realizan las distintas comunidades&#8230; <a class=\"read-more\" href=\"https:\/\/www.radiopresidenteibanez.cl\/web\/enap-impulsa-fondos-concursables-2020-para-apoyar-a-vecinos-en-medio-de-la-pandemia\/\">Leer m\u00e1s<\/a><\/p>\n","protected":false},"author":2,"featured_media":14383,"comment_status":"closed","ping_status":"closed","sticky":false,"template":"","format":"standard","meta":{"footnotes":""},"categories":[1],"tags":[],"class_list":["post-14382","post","type-post","status-publish","format-standard","has-post-thumbnail","hentry","category-cronica"],"_links":{"self":[{"href":"https:\/\/www.radiopresidenteibanez.cl\/web\/wp-json\/wp\/v2\/posts\/14382","targetHints":{"allow":["GET"]}}],"collection":[{"href":"https:\/\/www.radiopresidenteibanez.cl\/web\/wp-json\/wp\/v2\/posts"}],"about":[{"href":"https:\/\/www.radiopresidenteibanez.cl\/web\/wp-json\/wp\/v2\/types\/post"}],"author":[{"embeddable":true,"href":"https:\/\/www.radiopresidenteibanez.cl\/web\/wp-json\/wp\/v2\/users\/2"}],"replies":[{"embeddable":true,"href":"https:\/\/www.radiopresidenteibanez.cl\/web\/wp-json\/wp\/v2\/comments?post=14382"}],"version-history":[{"count":0,"href":"https:\/\/www.radiopresidenteibanez.cl\/web\/wp-json\/wp\/v2\/posts\/14382\/revisions"}],"wp:featuredmedia":[{"embeddable":true,"href":"https:\/\/www.radiopresidenteibanez.cl\/web\/wp-json\/wp\/v2\/media\/14383"}],"wp:attachment":[{"href":"https:\/\/www.radiopresidenteibanez.cl\/web\/wp-json\/wp\/v2\/media?parent=14382"}],"wp:term":[{"taxonomy":"category","embeddable":true,"href":"https:\/\/www.radiopresidenteibanez.cl\/web\/wp-json\/wp\/v2\/categories?post=14382"},{"taxonomy":"post_tag","embeddable":true,"href":"https:\/\/www.radiopresidenteibanez.cl\/web\/wp-json\/wp\/v2\/tags?post=14382"}],"curies":[{"name":"wp","href":"https:\/\/api.w.org\/{rel}","templated":true}]}}