{"id":1438,"date":"2019-02-14T19:01:38","date_gmt":"2019-02-14T19:01:38","guid":{"rendered":"http:\/\/www.radiopresidenteibanez.cl\/web\/?p=1438"},"modified":"2019-02-14T19:02:00","modified_gmt":"2019-02-14T19:02:00","slug":"transporte-aquiles-se-prepara-para-la-segunda-comision-antartica","status":"publish","type":"post","link":"https:\/\/www.radiopresidenteibanez.cl\/web\/transporte-aquiles-se-prepara-para-la-segunda-comision-antartica\/","title":{"rendered":"TRANSPORTE AQUILES SE PREPARA PARA LA SEGUNDA COMISI\u00d3N ANT\u00c1RTICA"},"content":{"rendered":"\n<p>El transporte Aquiles&nbsp;se encuentra en Puerto Williams con 150 pasajeros a bordo, preparando su segunda comisi\u00f3n Ant\u00e1rtica, que se realizar\u00e1 durante el mes de febrero.<\/p>\n\n\n\n<p>Dentro de las actividades que llevar\u00e1 a cabo la Armada de Chile, a trav\u00e9s de esta nave se encuentran: transporte de cient\u00edficos, transporte de carga, cierre de bases, soporte log\u00edstico para la obtenci\u00f3n de muestras cient\u00edficas a diferentes latitudes, y apoyo para la realizaci\u00f3n del estudio de suelos en las proximidades de base Carvajal, y en base Yelcho. Antes esto, el Director del Instituto Chileno Ant\u00e1rtico, Marcelo Leppe se\u00f1al\u00f3 \u201cLa labor las embarcaciones es un apoyo log\u00edstico importante. El Aquiles cumple con el apoyo a cierre de bases ant\u00e1rticas estivales como Yelcho, y garantiza el transporte tanto de personal como de maquinaria que necesita mantenci\u00f3n en este segundo periodo\u201d.&nbsp;<\/p>\n\n\n\n<p>Adem\u00e1s, se considera el traslado de las dotaciones saliente de la Base Gabriel Gonz\u00e1lez Videla de la FACH, y de la Base Escudero, como tambi\u00e9n del equipo de Puerto de Bah\u00eda Para\u00edso y el importante apoyo a la realizaci\u00f3n de la Campa\u00f1a Ant\u00e1rtica de la Rep\u00fablica Checa.<\/p>\n\n\n\n<p>En total son 90 toneladas de carga entre v\u00edveres, maquinaria pesada, material de construcci\u00f3n y veh\u00edculos que se utilizar\u00e1n en diferentes bases ant\u00e1rticas. A su regreso, el Transporte Aquiles traer\u00e1 m\u00e1s de 150 toneladas de basura y elementos en desuso, entre ellos material de la gobernaci\u00f3n mar\u00edtima siniestrada en Bah\u00eda Fildes. &nbsp;<\/p>\n","protected":false},"excerpt":{"rendered":"<p>El transporte Aquiles&nbsp;se encuentra en Puerto Williams con 150 pasajeros a bordo, preparando su segunda comisi\u00f3n Ant\u00e1rtica, que se realizar\u00e1 durante el mes de febrero. Dentro de las actividades que&#8230; <a class=\"read-more\" href=\"https:\/\/www.radiopresidenteibanez.cl\/web\/transporte-aquiles-se-prepara-para-la-segunda-comision-antartica\/\">Leer m\u00e1s<\/a><\/p>\n","protected":false},"author":2,"featured_media":1385,"comment_status":"closed","ping_status":"closed","sticky":false,"template":"","format":"standard","meta":{"footnotes":""},"categories":[1],"tags":[],"class_list":["post-1438","post","type-post","status-publish","format-standard","has-post-thumbnail","hentry","category-cronica"],"_links":{"self":[{"href":"https:\/\/www.radiopresidenteibanez.cl\/web\/wp-json\/wp\/v2\/posts\/1438","targetHints":{"allow":["GET"]}}],"collection":[{"href":"https:\/\/www.radiopresidenteibanez.cl\/web\/wp-json\/wp\/v2\/posts"}],"about":[{"href":"https:\/\/www.radiopresidenteibanez.cl\/web\/wp-json\/wp\/v2\/types\/post"}],"author":[{"embeddable":true,"href":"https:\/\/www.radiopresidenteibanez.cl\/web\/wp-json\/wp\/v2\/users\/2"}],"replies":[{"embeddable":true,"href":"https:\/\/www.radiopresidenteibanez.cl\/web\/wp-json\/wp\/v2\/comments?post=1438"}],"version-history":[{"count":0,"href":"https:\/\/www.radiopresidenteibanez.cl\/web\/wp-json\/wp\/v2\/posts\/1438\/revisions"}],"wp:featuredmedia":[{"embeddable":true,"href":"https:\/\/www.radiopresidenteibanez.cl\/web\/wp-json\/wp\/v2\/media\/1385"}],"wp:attachment":[{"href":"https:\/\/www.radiopresidenteibanez.cl\/web\/wp-json\/wp\/v2\/media?parent=1438"}],"wp:term":[{"taxonomy":"category","embeddable":true,"href":"https:\/\/www.radiopresidenteibanez.cl\/web\/wp-json\/wp\/v2\/categories?post=1438"},{"taxonomy":"post_tag","embeddable":true,"href":"https:\/\/www.radiopresidenteibanez.cl\/web\/wp-json\/wp\/v2\/tags?post=1438"}],"curies":[{"name":"wp","href":"https:\/\/api.w.org\/{rel}","templated":true}]}}