{"id":14377,"date":"2020-08-25T14:01:52","date_gmt":"2020-08-25T14:01:52","guid":{"rendered":"https:\/\/www.radiopresidenteibanez.cl\/web\/?p=14377"},"modified":"2020-08-25T14:01:56","modified_gmt":"2020-08-25T14:01:56","slug":"senadora-goic-solicito-revisar-listado-de-empresas-eseciales-que-funicionan-en-cuarentena","status":"publish","type":"post","link":"https:\/\/www.radiopresidenteibanez.cl\/web\/senadora-goic-solicito-revisar-listado-de-empresas-eseciales-que-funicionan-en-cuarentena\/","title":{"rendered":"SENADORA GOIC SOLICIT\u00d3 REVISAR LISTADO DE EMPRESAS ESECIALES QUE FUNICIONAN EN CUARENTENA"},"content":{"rendered":"\n<p>Ante el explosivo aumento de casos\nde contagios por COVID-19 en la regi\u00f3n de Magallanes, la senadora Carolina Goic\nse reuni\u00f3 con la Ministra del Trabajo Mar\u00eda Jos\u00e9 Zald\u00edvar, a quien le solicit\u00f3\nque se revise el protocolo de las empresas y rubros que pueden funcionar\ndurante el estado de cuarentena, tal como est\u00e1 ocurriendo en la comuna de Punta\nArenas.<\/p>\n\n\n\n<p>\u201cTodos estamos preocupados de la\nsituaci\u00f3n que vive la regi\u00f3n con el aumento de contagios por esta pandemia, pero\nlo que necesitamos que esta cuarentena, la segunda que enfrenta Punta Arenas,\nsea con medidas efectivas, por eso es que me reun\u00ed con la ministra para que\nrevisemos el listado de las empresas esenciales, pues creo que tenemos que\nacortarlas, de lo contrario vamos a seguir manteniendo un aumento de contagios,\nello por la alta movilidad que genera el funcionamiento de muchas empresas\u201d,\nse\u00f1alo la senadora.<\/p>\n\n\n\n<p>Lo que se necesita agreg\u00f3, es que\nsolamente funcionen las empresas que realmente son esenciales, de lo contrario\nse va a profundizar la crisis sanitaria, la crisis econ\u00f3mica, la crisis social\nque hoy tenemos.<\/p>\n\n\n\n<p>\u201cDe esta pandemia podremos salir con\nel esfuerzo de todos, ya lo logramos contener los casos en la primera ola y no\ntengo duda que hora tambi\u00e9n la haremos, pero necesitamos la colaboraci\u00f3n de todos\nnosotros\u201d, concluy\u00f3 la senadora Carolina Goic.<\/p>\n","protected":false},"excerpt":{"rendered":"<p>Ante el explosivo aumento de casos de contagios por COVID-19 en la regi\u00f3n de Magallanes, la senadora Carolina Goic se reuni\u00f3 con la Ministra del Trabajo Mar\u00eda Jos\u00e9 Zald\u00edvar, a&#8230; <a class=\"read-more\" href=\"https:\/\/www.radiopresidenteibanez.cl\/web\/senadora-goic-solicito-revisar-listado-de-empresas-eseciales-que-funicionan-en-cuarentena\/\">Leer m\u00e1s<\/a><\/p>\n","protected":false},"author":2,"featured_media":14378,"comment_status":"closed","ping_status":"closed","sticky":false,"template":"","format":"standard","meta":{"footnotes":""},"categories":[1],"tags":[],"class_list":["post-14377","post","type-post","status-publish","format-standard","has-post-thumbnail","hentry","category-cronica"],"_links":{"self":[{"href":"https:\/\/www.radiopresidenteibanez.cl\/web\/wp-json\/wp\/v2\/posts\/14377","targetHints":{"allow":["GET"]}}],"collection":[{"href":"https:\/\/www.radiopresidenteibanez.cl\/web\/wp-json\/wp\/v2\/posts"}],"about":[{"href":"https:\/\/www.radiopresidenteibanez.cl\/web\/wp-json\/wp\/v2\/types\/post"}],"author":[{"embeddable":true,"href":"https:\/\/www.radiopresidenteibanez.cl\/web\/wp-json\/wp\/v2\/users\/2"}],"replies":[{"embeddable":true,"href":"https:\/\/www.radiopresidenteibanez.cl\/web\/wp-json\/wp\/v2\/comments?post=14377"}],"version-history":[{"count":0,"href":"https:\/\/www.radiopresidenteibanez.cl\/web\/wp-json\/wp\/v2\/posts\/14377\/revisions"}],"wp:featuredmedia":[{"embeddable":true,"href":"https:\/\/www.radiopresidenteibanez.cl\/web\/wp-json\/wp\/v2\/media\/14378"}],"wp:attachment":[{"href":"https:\/\/www.radiopresidenteibanez.cl\/web\/wp-json\/wp\/v2\/media?parent=14377"}],"wp:term":[{"taxonomy":"category","embeddable":true,"href":"https:\/\/www.radiopresidenteibanez.cl\/web\/wp-json\/wp\/v2\/categories?post=14377"},{"taxonomy":"post_tag","embeddable":true,"href":"https:\/\/www.radiopresidenteibanez.cl\/web\/wp-json\/wp\/v2\/tags?post=14377"}],"curies":[{"name":"wp","href":"https:\/\/api.w.org\/{rel}","templated":true}]}}