{"id":14374,"date":"2020-08-25T14:00:23","date_gmt":"2020-08-25T14:00:23","guid":{"rendered":"https:\/\/www.radiopresidenteibanez.cl\/web\/?p=14374"},"modified":"2020-08-25T14:00:27","modified_gmt":"2020-08-25T14:00:27","slug":"25-personas-mayores-de-porvenir-seran-beneficiadas-por-programa-cuidados-domiciliarios-de-senama-y-gobernacion-de-tierra-del-fuego","status":"publish","type":"post","link":"https:\/\/www.radiopresidenteibanez.cl\/web\/25-personas-mayores-de-porvenir-seran-beneficiadas-por-programa-cuidados-domiciliarios-de-senama-y-gobernacion-de-tierra-del-fuego\/","title":{"rendered":"25 PERSONAS MAYORES DE PORVENIR SER\u00c1N BENEFICIADAS POR PROGRAMA CUIDADOS DOMICILIARIOS DE SENAMA Y GOBERNACI\u00d3N DE TIERRA DEL FUEGO"},"content":{"rendered":"\n<p><strong>El Programa\nCuidados Domiciliarios del Servicio Nacional del Adulto Mayor entrega <\/strong>servicios de apoyo y cuidados a personas mayores que presentan\ndependencia moderada o severa y vulnerabilidad socioecon\u00f3mica,&nbsp; en la realizaci\u00f3n de actividades de la vida\ndiaria, buscando mejorar su calidad de vida y resguardo de su autonom\u00eda,\ndignidad e independencia.<strong> <\/strong><\/p>\n\n\n\n<p>Esta\niniciativa surge el a\u00f1o 2013, y en la actualidad se cuenta con 29 proyectos de\ncuidados en 15 regiones del pa\u00eds, beneficiando a 985 adultos mayores. Durante\nel segundo semestre del a\u00f1o, y gracias a la firma de Convenio entre SENAMA y la\nGobernaci\u00f3n de Tierra del Fuego, el programa operar\u00e1 en la comuna de Porvenir,\nen la que tendr\u00e1 25 usuarios y usuarias. <\/p>\n\n\n\n<p>\u201cQuiero compartir con ustedes la alegr\u00eda\nde haber firmado un convenio con Senama, destinado a nuestras adultas y adultos\nmayores, este es el \u00fanico en sus t\u00e9rminos en la regi\u00f3n. Est\u00e1 destinado a todas\naquellas adultas mayores con dependencia moderada a severa, estamos contentos\nporque esto va a permitir llegar 25 adultos mayores, lo que significa que\ntambi\u00e9n estamos llegando a dar una soluci\u00f3n a 25 familias\u201d destac\u00f3 la Gobernadora\nde la Provincia de Tierra del Fuego, Margarita Norambuena Caviedes.<\/p>\n\n\n\n<p>En tanto la Coordinadora Regional de\nSenama, Rebeca Aguilante Canales se\u00f1al\u00f3 \u201cTenemos una muy buena noticia, hemos\nfirmado un convenio con la&nbsp; Gobernaci\u00f3n\nde Tierra del Fuego para la ejecuci\u00f3n del programa Cuidados Domiciliarios en la\ncomuna de Porvenir. Esta iniciativa forma parte de la Red de Protecci\u00f3n Social\npara personas mayores del Gobierno del Presidente Sebastian Pi\u00f1era, y busca\nmejorar la calidad de vida de las y los adultos mayores con dependencia,\nresguardando su autonom\u00eda, dignidad e independencia.&nbsp; Estamos muy contentos pues es primera vez que\nejecutaremos este programa en la regi\u00f3n, instancia de apoyo que hab\u00eda sido\nsolicitada por la Red y por la comunidad porvenire\u00f1a\u201d.<\/p>\n\n\n\n<p>Para\npostular las personas deben tener 60 a\u00f1os o m\u00e1s, presentar dependencia moderada\ny\/o severa, no contar con un cuidador principal y deben encontrase en el 60%\nseg\u00fan la calificaci\u00f3n socioecon\u00f3mica del Registro Social de Hogares.<strong><\/strong><\/p>\n","protected":false},"excerpt":{"rendered":"<p>El Programa Cuidados Domiciliarios del Servicio Nacional del Adulto Mayor entrega servicios de apoyo y cuidados a personas mayores que presentan dependencia moderada o severa y vulnerabilidad socioecon\u00f3mica,&nbsp; en la&#8230; <a class=\"read-more\" href=\"https:\/\/www.radiopresidenteibanez.cl\/web\/25-personas-mayores-de-porvenir-seran-beneficiadas-por-programa-cuidados-domiciliarios-de-senama-y-gobernacion-de-tierra-del-fuego\/\">Leer m\u00e1s<\/a><\/p>\n","protected":false},"author":2,"featured_media":14375,"comment_status":"closed","ping_status":"closed","sticky":false,"template":"","format":"standard","meta":{"footnotes":""},"categories":[1],"tags":[],"class_list":["post-14374","post","type-post","status-publish","format-standard","has-post-thumbnail","hentry","category-cronica"],"_links":{"self":[{"href":"https:\/\/www.radiopresidenteibanez.cl\/web\/wp-json\/wp\/v2\/posts\/14374","targetHints":{"allow":["GET"]}}],"collection":[{"href":"https:\/\/www.radiopresidenteibanez.cl\/web\/wp-json\/wp\/v2\/posts"}],"about":[{"href":"https:\/\/www.radiopresidenteibanez.cl\/web\/wp-json\/wp\/v2\/types\/post"}],"author":[{"embeddable":true,"href":"https:\/\/www.radiopresidenteibanez.cl\/web\/wp-json\/wp\/v2\/users\/2"}],"replies":[{"embeddable":true,"href":"https:\/\/www.radiopresidenteibanez.cl\/web\/wp-json\/wp\/v2\/comments?post=14374"}],"version-history":[{"count":0,"href":"https:\/\/www.radiopresidenteibanez.cl\/web\/wp-json\/wp\/v2\/posts\/14374\/revisions"}],"wp:featuredmedia":[{"embeddable":true,"href":"https:\/\/www.radiopresidenteibanez.cl\/web\/wp-json\/wp\/v2\/media\/14375"}],"wp:attachment":[{"href":"https:\/\/www.radiopresidenteibanez.cl\/web\/wp-json\/wp\/v2\/media?parent=14374"}],"wp:term":[{"taxonomy":"category","embeddable":true,"href":"https:\/\/www.radiopresidenteibanez.cl\/web\/wp-json\/wp\/v2\/categories?post=14374"},{"taxonomy":"post_tag","embeddable":true,"href":"https:\/\/www.radiopresidenteibanez.cl\/web\/wp-json\/wp\/v2\/tags?post=14374"}],"curies":[{"name":"wp","href":"https:\/\/api.w.org\/{rel}","templated":true}]}}