{"id":14372,"date":"2020-08-25T13:58:41","date_gmt":"2020-08-25T13:58:41","guid":{"rendered":"https:\/\/www.radiopresidenteibanez.cl\/web\/?p=14372"},"modified":"2020-08-25T13:58:45","modified_gmt":"2020-08-25T13:58:45","slug":"afas-magallanes-se-refiere-a-la-renuncia-de-la-seremi-de-salud-mariela-rojas","status":"publish","type":"post","link":"https:\/\/www.radiopresidenteibanez.cl\/web\/afas-magallanes-se-refiere-a-la-renuncia-de-la-seremi-de-salud-mariela-rojas\/","title":{"rendered":"AFAS MAGALLANES SE REFIERE A LA RENUNCIA DE LA SEREMI DE SALUD, MARIELA ROJAS"},"content":{"rendered":"\n<p>Como <strong>Asociaci\u00f3n\nde Funcionarios de la Autoridad Sanitaria (AFAS MAGALLANES)<\/strong>, no podemos quedar\nal margen de pronunciarnos primero acerca de las palabras del ministro las cuales,\nde acuerdo a carta de la Autoridad Sanitaria, Sra. Mariela Rojas llev\u00f3 a su\nrenuncia.<\/p>\n\n\n\n<p>En este sentido\nqueremos<strong>\nreivindicar la funci\u00f3n de los funcionarios de esta SEREMI de Salud<\/strong>, que desde marzo de\n2020 e incluso desde enero en el caso del Departamento de Salud P\u00fablica ha\ntrabajado sin descanso en controlar esta pandemia. Los funcionarios de esta\nSEREMI de Salud incluidos los administrativos, t\u00e9cnicos, auxiliares y\nprofesionales han demostrado con creces el alto compromiso con la instituci\u00f3n, <strong><em>que\nde manera silenciosa han trabajado horas extras, s\u00e1bados, domingos y festivos<\/em><\/strong>. Muchos de ellos,\nsin recibir ni siquiera un pago extraordinario; cuesti\u00f3n que por lo dem\u00e1s este\ngremio ha denunciado a la autoridad saliente dando como resultado el cierre de\npuertas por parte de la autoridad y su jefa de gabinete con el gremio por las\ndenuncias realizadas.<\/p>\n\n\n\n<p>Entendemos y\ncompartimos la preocupaci\u00f3n de comunidad en relaci\u00f3n al manejo de la pandemia,\ny es por eso que queremos dejar en claro que nuestros compa\u00f1eros\/as no pueden\nhacer m\u00e1s de los que la <strong>normativa y disposiciones del Ministerio y de\nla Autoridad regional mandatan<\/strong> y nos consta que han dado todo y m\u00e1s all\u00e1 de las\nhoras que les competen por hacer un trabajo serio y profesional, en cada uno de\nlos Departamentos y Unidades de la SEREMI.<\/p>\n\n\n\n<p>En este mismo\nsentido podemos manifestar que nuestra mayor preocupaci\u00f3n radica en que las <strong>decisiones\nimportantes de la pandemia<\/strong> <strong>radican\nen manos de profesionales que no pertenecen al \u00e1rea de la salud p\u00fablica y son\nasesores cercanos de la SEREMI saliente<\/strong>, como es el caso de la Jefatura del Departamento de\nDesarrollo Institucional y Jefa de Gabinete<strong> <\/strong>y que se han basado m\u00e1s en criterios netamente\nadministrativos y econ\u00f3micos.<\/p>\n\n\n\n<p>El fracaso de\nesta administraci\u00f3n radica claramente, no en los funcionarios sino en la <strong>nula\ncapacidad de hacer gesti\u00f3n y tal c\u00f3mo dijo el ministro de coordinar o articular\nalianzas<\/strong>. Sumado a esto\ny a\u00fan m\u00e1s importante la nula capacidad de <strong>comunicar a la comunidad respecto a\nlas acciones y procesos que realiza la autoridad sanitaria, de educar a la\ncomunidad y estar con una disposici\u00f3n abierta hacia los medios de comunicaci\u00f3n\nque son entes important\u00edsimos para comunicar de manera correcta y que el\nmensaje llegue bien y oportunamente. <\/strong>Para qu\u00e9 mencionar que cada vez que se presentaba un\nhecho importante como una auditor\u00eda del sistema de gesti\u00f3n de calidad,\nvisita de una autoridad de Santiago o ante el m\u00e1s m\u00ednimo conflicto, la Seremi\nse ausentaba por d\u00edas o meses. Jam\u00e1s enfrentando el conflicto de manera\noportuna y de frente, a trav\u00e9s de di\u00e1logo, lo mismo con este gremio,\ndemostrando su poca capacidad y visi\u00f3n pol\u00edtica.<\/p>\n\n\n\n<p>Por otro lado,\nmencionar que se realiz\u00f3 una p\u00e9sima organizaci\u00f3n para la atenci\u00f3n de p\u00fablico\nque cada d\u00eda llegaba a la SEREMI a realizar diferentes consultas, <strong>donde\ntampoco hizo ning\u00fan esfuerzo comunicacional,<\/strong> <strong>como muchas instituciones lo hacen <\/strong>para informar\nclaramente a la comunidad respecto a c\u00f3mo hacer los tr\u00e1mites, no teniendo\nning\u00fan posicionamiento con la comunidad, ni cercan\u00eda con esta. Esto ha generado\nclaramente molestia y denuncia por parte de los usuarios, que necesitan\nrespuesta a sus tr\u00e1mites y se desquitan con el funcionario que no est\u00e1\nautorizado o incluso con el guardia que est\u00e1 en la puerta.<\/p>\n\n\n\n<p>En el caso de las <strong>barreras\nsanitarias en lugares alejados como Kon Aiken y fiscalizaciones de cuarentenas\no residencias sanitarias,<\/strong> existen compa\u00f1eros\/as que no siendo su funci\u00f3n y muchas veces sin las\ncondiciones de Elementos de Protecci\u00f3n personal (EPP), ropa t\u00e9rmica adecuados a\nlas condiciones clim\u00e1ticas, sin condiciones sanitarias como ba\u00f1os, igual han\nasistido a colaborar en esta labor.&nbsp; Sin\nembargo, <strong>refuerzan\nsu compromiso<\/strong>, dejando igual que cualquier persona de la comunidad a su familia, se\nexponen al contagio y contin\u00faan con otras labores encomendadas fuera de estos\nlargos turnos.<\/p>\n\n\n\n<p>En oficio de 1 de\njulio del presente a\u00f1o enviado a la subsecretaria con copia a nuestra autoridad\nante el nulo avance con las reuniones sostenidas, este gremio denunci\u00f3 muchas\nde estas malas condiciones y malas pr\u00e1cticas donde por ejemplo cont\u00e1bamos en\nese momento con 3 choferes a tiempo completo, sin relevo ni descanso, y m\u00e1s\nencima sin cancelarle las horas extraordinarias en dicho mes. Oficio que caus\u00f3\nel cierre de la comunicaci\u00f3n con el gremio.<\/p>\n\n\n\n<p>Queremos creer\nsinceramente, que las declaraciones de nuestro ministro el Dr. Enrique Paris <strong>apuntan\ndirectamente a esta p\u00e9sima gesti\u00f3n.<\/strong><\/p>\n\n\n\n<p>Es <strong>incomprensible\nque a 6 meses de la pandemia<\/strong> a\u00fan los equipos no cuenten con todos los elementos\npara poder trabajar. Como ejemplo y tal como pudieron ver hace unos d\u00edas en un\nreportaje realizado por ITV Patagonia, se demostr\u00f3 que en la regi\u00f3n, incluyendo\nlas oficinas provinciales de Natales de Porvenir (que son multifuncionales),\nexiste un total de 17 trazadores, que contactan los casos positivos y sus\ncontacto estrechos y los dejan en cuarentena. Estos trazadores trabajan en 2\nturnos de lunes a domingo alternando d\u00eda por medio en largas y estresantes\njornadas (aprox. 7 personas por turno en Punta Arenas) que deben llamar a todos\nlos casos positivos que llegan en un d\u00eda. &nbsp;Cantidad de trazadores que est\u00e1 muy por debajo\nde lo que indican las recomendaciones internacionales por cantidad de\nhabitantes (entre 50 y 80 trazadores por 100.000 habitantes).<\/p>\n\n\n\n<p>Sin ir m\u00e1s all\u00e1 por ejemplo\neste fin de semana se presentaron en un d\u00eda 155 casos positivos (este n\u00famero de\ncasos debe multiplicarse al menos por 5 contactos). Este equipo a la fecha no\ncuenta con manos libres ni tel\u00e9fonos que les permitan llamar c\u00f3modamente\n(adem\u00e1s de llamar deben digitar la informaci\u00f3n); lo que significa un esfuerzo\nf\u00edsico y emocionalmente tremendo llamar a esa cantidad de persona, considerando\nque llevan desde marzo en las mismas condiciones. Dado que este gran n\u00famero de\ncasos se viene presentando hace varios d\u00edas se ha debido solicitar al turno en\ndescanso que asista a reforzar, no teniendo el descanso necesario.\nProduci\u00e9ndose juntamente que se junte m\u00e1s personas de lo necesario en las\noficinas. <\/p>\n\n\n\n<p>A la fecha la <strong>Jefatura a\ncargo de la administraci\u00f3n de esta pandemia y de las residencias sanitarias y\nasesora cercana de la seremi saliente <\/strong>y no ha sido capaz de generar nuevos espacios, &nbsp;ya sea generando puntos de red o simplemente\ncon tel\u00e9fonos celulares para habilitar nuevos puestos en espacios que no est\u00e1n\nsiendo ocupados en la SEREMI; ni de entregar <strong>los Elementos de Protecci\u00f3n que han\nsido solicitado los fiscalizadores de barreras y acci\u00f3n sanitaria<\/strong>, que son los entes\nt\u00e9cnicos que ocupan dichos elementos y se exponen al riesgo. Reconocemos, sin\nembargo, el trabajo de este Departamento tan importante que dice relaci\u00f3n\ncon la administraci\u00f3n, finanzas y abastecimiento, pero\nlamentablemente, dada las constantes trabas, exceso de celo y burocracia esto\ncausa un estr\u00e9s adicional en lo equipos operativos. Porque este Departamento\ndebe estar al servicio de los funcionarios que realizan las funciones y no al\nrev\u00e9s; y ser un ente de gesti\u00f3n y que facilita el trabajo de los\nfuncionarios\/as que est\u00e1n en primera l\u00ednea.<\/p>\n","protected":false},"excerpt":{"rendered":"<p>Como Asociaci\u00f3n de Funcionarios de la Autoridad Sanitaria (AFAS MAGALLANES), no podemos quedar al margen de pronunciarnos primero acerca de las palabras del ministro las cuales, de acuerdo a carta&#8230; <a class=\"read-more\" href=\"https:\/\/www.radiopresidenteibanez.cl\/web\/afas-magallanes-se-refiere-a-la-renuncia-de-la-seremi-de-salud-mariela-rojas\/\">Leer m\u00e1s<\/a><\/p>\n","protected":false},"author":2,"featured_media":14194,"comment_status":"closed","ping_status":"closed","sticky":false,"template":"","format":"standard","meta":{"footnotes":""},"categories":[1],"tags":[],"class_list":["post-14372","post","type-post","status-publish","format-standard","has-post-thumbnail","hentry","category-cronica"],"_links":{"self":[{"href":"https:\/\/www.radiopresidenteibanez.cl\/web\/wp-json\/wp\/v2\/posts\/14372","targetHints":{"allow":["GET"]}}],"collection":[{"href":"https:\/\/www.radiopresidenteibanez.cl\/web\/wp-json\/wp\/v2\/posts"}],"about":[{"href":"https:\/\/www.radiopresidenteibanez.cl\/web\/wp-json\/wp\/v2\/types\/post"}],"author":[{"embeddable":true,"href":"https:\/\/www.radiopresidenteibanez.cl\/web\/wp-json\/wp\/v2\/users\/2"}],"replies":[{"embeddable":true,"href":"https:\/\/www.radiopresidenteibanez.cl\/web\/wp-json\/wp\/v2\/comments?post=14372"}],"version-history":[{"count":0,"href":"https:\/\/www.radiopresidenteibanez.cl\/web\/wp-json\/wp\/v2\/posts\/14372\/revisions"}],"wp:featuredmedia":[{"embeddable":true,"href":"https:\/\/www.radiopresidenteibanez.cl\/web\/wp-json\/wp\/v2\/media\/14194"}],"wp:attachment":[{"href":"https:\/\/www.radiopresidenteibanez.cl\/web\/wp-json\/wp\/v2\/media?parent=14372"}],"wp:term":[{"taxonomy":"category","embeddable":true,"href":"https:\/\/www.radiopresidenteibanez.cl\/web\/wp-json\/wp\/v2\/categories?post=14372"},{"taxonomy":"post_tag","embeddable":true,"href":"https:\/\/www.radiopresidenteibanez.cl\/web\/wp-json\/wp\/v2\/tags?post=14372"}],"curies":[{"name":"wp","href":"https:\/\/api.w.org\/{rel}","templated":true}]}}