{"id":14370,"date":"2020-08-25T13:56:09","date_gmt":"2020-08-25T13:56:09","guid":{"rendered":"https:\/\/www.radiopresidenteibanez.cl\/web\/?p=14370"},"modified":"2020-08-25T13:56:12","modified_gmt":"2020-08-25T13:56:12","slug":"lanzamiento-del-comando-social-por-el-apruebo-en-magallanes","status":"publish","type":"post","link":"https:\/\/www.radiopresidenteibanez.cl\/web\/lanzamiento-del-comando-social-por-el-apruebo-en-magallanes\/","title":{"rendered":"LANZAMIENTO DEL COMANDO SOCIAL POR EL APRUEBO EN MAGALLANES"},"content":{"rendered":"\n<p>Durante este fin de semana se conform\u00f3 el comando social por\nel apruebo en Magallanes, la iniciativa est\u00e1 organizada tanto por ciudadanos y\nciudadanas como por dirigentes\/as de distintos \u00e1mbitos de la regi\u00f3n<\/p>\n\n\n\n<p>El\nobjetivo de este comando regional es realizar acciones de apoyo y agitaci\u00f3n a\nfavor de la Nueva Constituci\u00f3n y la Convenci\u00f3n constitucional de una manera\nresponsable con las medidas sanitarias vigentes para la regi\u00f3n en tiempos de\npandemia<\/p>\n\n\n\n<p>La\nvocer\u00eda del comando se encuentra en el Consejero Regional Antonio \u201cTo\u00f1o\u201d Bradasic,\nquien se\u00f1al\u00f3 que esta iniciativa estar\u00e1 abierta a todos quienes quieran\nparticipar, para esto se habilitar\u00e1n espacios en redes sociales donde los\ninteresados podr\u00e1n contactarse al Comando Social por el Apruebo.<\/p>\n","protected":false},"excerpt":{"rendered":"<p>Durante este fin de semana se conform\u00f3 el comando social por el apruebo en Magallanes, la iniciativa est\u00e1 organizada tanto por ciudadanos y ciudadanas como por dirigentes\/as de distintos \u00e1mbitos&#8230; <a class=\"read-more\" href=\"https:\/\/www.radiopresidenteibanez.cl\/web\/lanzamiento-del-comando-social-por-el-apruebo-en-magallanes\/\">Leer m\u00e1s<\/a><\/p>\n","protected":false},"author":2,"featured_media":740,"comment_status":"closed","ping_status":"closed","sticky":false,"template":"","format":"standard","meta":{"footnotes":""},"categories":[1],"tags":[],"class_list":["post-14370","post","type-post","status-publish","format-standard","has-post-thumbnail","hentry","category-cronica"],"_links":{"self":[{"href":"https:\/\/www.radiopresidenteibanez.cl\/web\/wp-json\/wp\/v2\/posts\/14370","targetHints":{"allow":["GET"]}}],"collection":[{"href":"https:\/\/www.radiopresidenteibanez.cl\/web\/wp-json\/wp\/v2\/posts"}],"about":[{"href":"https:\/\/www.radiopresidenteibanez.cl\/web\/wp-json\/wp\/v2\/types\/post"}],"author":[{"embeddable":true,"href":"https:\/\/www.radiopresidenteibanez.cl\/web\/wp-json\/wp\/v2\/users\/2"}],"replies":[{"embeddable":true,"href":"https:\/\/www.radiopresidenteibanez.cl\/web\/wp-json\/wp\/v2\/comments?post=14370"}],"version-history":[{"count":0,"href":"https:\/\/www.radiopresidenteibanez.cl\/web\/wp-json\/wp\/v2\/posts\/14370\/revisions"}],"wp:featuredmedia":[{"embeddable":true,"href":"https:\/\/www.radiopresidenteibanez.cl\/web\/wp-json\/wp\/v2\/media\/740"}],"wp:attachment":[{"href":"https:\/\/www.radiopresidenteibanez.cl\/web\/wp-json\/wp\/v2\/media?parent=14370"}],"wp:term":[{"taxonomy":"category","embeddable":true,"href":"https:\/\/www.radiopresidenteibanez.cl\/web\/wp-json\/wp\/v2\/categories?post=14370"},{"taxonomy":"post_tag","embeddable":true,"href":"https:\/\/www.radiopresidenteibanez.cl\/web\/wp-json\/wp\/v2\/tags?post=14370"}],"curies":[{"name":"wp","href":"https:\/\/api.w.org\/{rel}","templated":true}]}}