{"id":14364,"date":"2020-08-24T15:18:42","date_gmt":"2020-08-24T15:18:42","guid":{"rendered":"https:\/\/www.radiopresidenteibanez.cl\/web\/?p=14364"},"modified":"2020-08-24T15:18:46","modified_gmt":"2020-08-24T15:18:46","slug":"120-casos-nuevos-de-covid-19-se-registraron-en-magallanes","status":"publish","type":"post","link":"https:\/\/www.radiopresidenteibanez.cl\/web\/120-casos-nuevos-de-covid-19-se-registraron-en-magallanes\/","title":{"rendered":"120 CASOS NUEVOS DE COVID-19 SE REGISTRARON EN MAGALLANES"},"content":{"rendered":"\n<p>En las \u00faltimas 24 horas, se registraron 120 casos nuevos de Coronavirus Covid-19 en Magallanes, en la ocasi\u00f3n, tambi\u00e9n se reportaron 2 nuevos fallecidos llegando a un total de 34 decesos.<\/p>\n\n\n\n<p>A las 13:00 horas, las autoridades regionales entregar\u00e1n nuevo reporte, pese a que desde el ministerio de Salud, se modificar\u00e1 la entrega de datos para los d\u00edas, mi\u00e9rcoles, viernes y domingo.<\/p>\n","protected":false},"excerpt":{"rendered":"<p>En las \u00faltimas 24 horas, se registraron 120 casos nuevos de Coronavirus Covid-19 en Magallanes, en la ocasi\u00f3n, tambi\u00e9n se reportaron 2 nuevos fallecidos llegando a un total de 34&#8230; <a class=\"read-more\" href=\"https:\/\/www.radiopresidenteibanez.cl\/web\/120-casos-nuevos-de-covid-19-se-registraron-en-magallanes\/\">Leer m\u00e1s<\/a><\/p>\n","protected":false},"author":2,"featured_media":10325,"comment_status":"closed","ping_status":"closed","sticky":false,"template":"","format":"standard","meta":{"footnotes":""},"categories":[1],"tags":[],"class_list":["post-14364","post","type-post","status-publish","format-standard","has-post-thumbnail","hentry","category-cronica"],"_links":{"self":[{"href":"https:\/\/www.radiopresidenteibanez.cl\/web\/wp-json\/wp\/v2\/posts\/14364","targetHints":{"allow":["GET"]}}],"collection":[{"href":"https:\/\/www.radiopresidenteibanez.cl\/web\/wp-json\/wp\/v2\/posts"}],"about":[{"href":"https:\/\/www.radiopresidenteibanez.cl\/web\/wp-json\/wp\/v2\/types\/post"}],"author":[{"embeddable":true,"href":"https:\/\/www.radiopresidenteibanez.cl\/web\/wp-json\/wp\/v2\/users\/2"}],"replies":[{"embeddable":true,"href":"https:\/\/www.radiopresidenteibanez.cl\/web\/wp-json\/wp\/v2\/comments?post=14364"}],"version-history":[{"count":0,"href":"https:\/\/www.radiopresidenteibanez.cl\/web\/wp-json\/wp\/v2\/posts\/14364\/revisions"}],"wp:featuredmedia":[{"embeddable":true,"href":"https:\/\/www.radiopresidenteibanez.cl\/web\/wp-json\/wp\/v2\/media\/10325"}],"wp:attachment":[{"href":"https:\/\/www.radiopresidenteibanez.cl\/web\/wp-json\/wp\/v2\/media?parent=14364"}],"wp:term":[{"taxonomy":"category","embeddable":true,"href":"https:\/\/www.radiopresidenteibanez.cl\/web\/wp-json\/wp\/v2\/categories?post=14364"},{"taxonomy":"post_tag","embeddable":true,"href":"https:\/\/www.radiopresidenteibanez.cl\/web\/wp-json\/wp\/v2\/tags?post=14364"}],"curies":[{"name":"wp","href":"https:\/\/api.w.org\/{rel}","templated":true}]}}