{"id":14361,"date":"2020-08-24T14:32:37","date_gmt":"2020-08-24T14:32:37","guid":{"rendered":"https:\/\/www.radiopresidenteibanez.cl\/web\/?p=14361"},"modified":"2020-08-24T14:32:41","modified_gmt":"2020-08-24T14:32:41","slug":"con-operativo-en-rio-seco-finalizo-atencion-presencial-de-servicios-municipales-en-punta-arenas","status":"publish","type":"post","link":"https:\/\/www.radiopresidenteibanez.cl\/web\/con-operativo-en-rio-seco-finalizo-atencion-presencial-de-servicios-municipales-en-punta-arenas\/","title":{"rendered":"CON OPERATIVO EN R\u00cdO SECO FINALIZ\u00d3 ATENCI\u00d3N PRESENCIAL DE SERVICIOS MUNICIPALES EN PUNTA ARENAS"},"content":{"rendered":"\n<p>El reciente jueves y viernes (20 y 21 de agosto), el\nMunicipio de Punta Arenas realiz\u00f3 un operativo social en terreno del Registro\nSocial de Hogares en la escuela Elba Ojeda G\u00f3mez de R\u00edo Seco, donde los vecinos\ndel sector norte de Punta Arenas y sus alrededores, pudieron realizar sus\ntr\u00e1mites de una manera m\u00e1s accesible.<\/p>\n\n\n\n<p>Con el operativo se puso fin a la atenci\u00f3n presencial del\nRegistro Social de Hogares, Subsidio \u00danico Familiar y Subsidios de Agua,\norganizado por el Municipio local, luego de que se decretara una nueva\ncuarentena total para la comuna.<\/p>\n\n\n\n<p>\u201cCon esto, completamos diez semanas de un trabajo que ha\nsido fundamental para 15 mil familias que han podido actualizar presencialmente\nsu ficha social, tan importante para obtener un bono y para poder acceder a\notros beneficios que da el Estado\u201d, afirm\u00f3 el alcalde de Punta Arenas, Claudio\nRadonich, recordando que las atenciones presenciales iniciaron el 10 de junio\nen la escuela Manuel Bulnes, y que esperan retomarlas una vez finalice la\ncuarentena en la ciudad.<\/p>\n\n\n\n<p>La autoridad comunal indic\u00f3 que se realizaron 8.500\natenciones presenciales, que permitieron que 15 mil familias pudieran\nactualizar presencialmente sus datos. Esto se suma a las casi 10 mil personas\nque pudieron acceder directamente de manera electr\u00f3nica.<\/p>\n\n\n\n<p>El alcalde agradeci\u00f3 la labor realizada por funcionarias y\nfuncionarios del Municipio que desde el primer d\u00eda se comprometieron con las\natenciones presenciales a la comunidad.<\/p>\n","protected":false},"excerpt":{"rendered":"<p>El reciente jueves y viernes (20 y 21 de agosto), el Municipio de Punta Arenas realiz\u00f3 un operativo social en terreno del Registro Social de Hogares en la escuela Elba&#8230; <a class=\"read-more\" href=\"https:\/\/www.radiopresidenteibanez.cl\/web\/con-operativo-en-rio-seco-finalizo-atencion-presencial-de-servicios-municipales-en-punta-arenas\/\">Leer m\u00e1s<\/a><\/p>\n","protected":false},"author":2,"featured_media":14362,"comment_status":"closed","ping_status":"closed","sticky":false,"template":"","format":"standard","meta":{"footnotes":""},"categories":[1],"tags":[],"class_list":["post-14361","post","type-post","status-publish","format-standard","has-post-thumbnail","hentry","category-cronica"],"_links":{"self":[{"href":"https:\/\/www.radiopresidenteibanez.cl\/web\/wp-json\/wp\/v2\/posts\/14361","targetHints":{"allow":["GET"]}}],"collection":[{"href":"https:\/\/www.radiopresidenteibanez.cl\/web\/wp-json\/wp\/v2\/posts"}],"about":[{"href":"https:\/\/www.radiopresidenteibanez.cl\/web\/wp-json\/wp\/v2\/types\/post"}],"author":[{"embeddable":true,"href":"https:\/\/www.radiopresidenteibanez.cl\/web\/wp-json\/wp\/v2\/users\/2"}],"replies":[{"embeddable":true,"href":"https:\/\/www.radiopresidenteibanez.cl\/web\/wp-json\/wp\/v2\/comments?post=14361"}],"version-history":[{"count":0,"href":"https:\/\/www.radiopresidenteibanez.cl\/web\/wp-json\/wp\/v2\/posts\/14361\/revisions"}],"wp:featuredmedia":[{"embeddable":true,"href":"https:\/\/www.radiopresidenteibanez.cl\/web\/wp-json\/wp\/v2\/media\/14362"}],"wp:attachment":[{"href":"https:\/\/www.radiopresidenteibanez.cl\/web\/wp-json\/wp\/v2\/media?parent=14361"}],"wp:term":[{"taxonomy":"category","embeddable":true,"href":"https:\/\/www.radiopresidenteibanez.cl\/web\/wp-json\/wp\/v2\/categories?post=14361"},{"taxonomy":"post_tag","embeddable":true,"href":"https:\/\/www.radiopresidenteibanez.cl\/web\/wp-json\/wp\/v2\/tags?post=14361"}],"curies":[{"name":"wp","href":"https:\/\/api.w.org\/{rel}","templated":true}]}}