{"id":14358,"date":"2020-08-24T14:29:11","date_gmt":"2020-08-24T14:29:11","guid":{"rendered":"https:\/\/www.radiopresidenteibanez.cl\/web\/?p=14358"},"modified":"2020-08-24T14:29:15","modified_gmt":"2020-08-24T14:29:15","slug":"sindicato-de-trabajadores-de-enap-y-caminantes-de-posesion-reafirman-su-compromiso-con-las-jornadas-por-la-rehabilitacion-2020","status":"publish","type":"post","link":"https:\/\/www.radiopresidenteibanez.cl\/web\/sindicato-de-trabajadores-de-enap-y-caminantes-de-posesion-reafirman-su-compromiso-con-las-jornadas-por-la-rehabilitacion-2020\/","title":{"rendered":"SINDICATO DE TRABAJADORES DE ENAP Y CAMINANTES DE POSESI\u00d3N, REAFIRMAN SU COMPROMISO CON LAS JORNADAS POR LA REHABILITACI\u00d3N 2020"},"content":{"rendered":"\n<p>La\ndirectiva del sindicato de trabajadores de Enap a trav\u00e9s de su presidente\nAlejandro Avenda\u00f1o Gallardo se\u00f1alo: hoy mas que nunca a pesar de la pandemia\nque nos ha golpeado tan fuerte no solo a la regi\u00f3n si no a la vez a nuestro\npa\u00eds y el mundo, una vez m\u00e1s estaremos presentes como en todas las versiones\nanteriores con el aporte de todos nuestros socios y socias por esta tan noble\ncausa como lo es las XXXIII Jornadas por la rehabilitaci\u00f3n en Magallanes.<\/p>\n\n\n\n<p>A la vez\nlos Caminantes de Posesi\u00f3n socios de nuestra organizaci\u00f3n tambi\u00e9n estar\u00e1n\npresentes si bien es cierto de una manera diferente por las circunstancias del\ncovid-19 ya est\u00e1n trabajando arduamente para juntar fondos a trav\u00e9s de rifas y\notras actividades que se encuentran organizando y poder entregar su cifra\nrecolectada el pr\u00f3ximo 19 de diciembre, para sus integrantes Miguel Barria,\nDiego Jaramillo, Mauricio Morales, Jorge Barria y Jose Saldivia, el mejor de\nlos \u00e9xitos en su recolecci\u00f3n de aportes. <\/p>\n\n\n\n<p>Sabemos la\ndif\u00edcil situaci\u00f3n que estamos viviendo tanto por la pandemia como la dif\u00edcil\nsituaci\u00f3n econ\u00f3mica que muchas familias est\u00e1n pasando, pero sabemos de la\ngenerosidad de los magall\u00e1nicos y hoy cada peso que se pueda aportar ser\u00e1 muy\nvalioso para poder lograr el objetivo.<\/p>\n\n\n\n<p>Finalmente\nun llamado a las empresas regionales a no restarse y sumarse en esta campa\u00f1a\npor las jornadas de la rehabilitaci\u00f3n para con nuestro Centro que es un orgullo\nde cada uno de los habitantes de Magallanes y como lo hemos visto crecer, hoy\nsabemos no habr\u00e1 meta, pero estamos seguros que igual la lograremos para ello\nnadie debe restarse y este pr\u00f3ximo 19 de diciembre podamos en un abrazo virtual\ndecir lo logramos, para ello \u201cConect\u00e9monos con el coraz\u00f3n\u201d, finalizo se\u00f1alando\nAvenda\u00f1o. <\/p>\n","protected":false},"excerpt":{"rendered":"<p>La directiva del sindicato de trabajadores de Enap a trav\u00e9s de su presidente Alejandro Avenda\u00f1o Gallardo se\u00f1alo: hoy mas que nunca a pesar de la pandemia que nos ha golpeado&#8230; <a class=\"read-more\" href=\"https:\/\/www.radiopresidenteibanez.cl\/web\/sindicato-de-trabajadores-de-enap-y-caminantes-de-posesion-reafirman-su-compromiso-con-las-jornadas-por-la-rehabilitacion-2020\/\">Leer m\u00e1s<\/a><\/p>\n","protected":false},"author":2,"featured_media":14359,"comment_status":"closed","ping_status":"closed","sticky":false,"template":"","format":"standard","meta":{"footnotes":""},"categories":[1],"tags":[],"class_list":["post-14358","post","type-post","status-publish","format-standard","has-post-thumbnail","hentry","category-cronica"],"_links":{"self":[{"href":"https:\/\/www.radiopresidenteibanez.cl\/web\/wp-json\/wp\/v2\/posts\/14358","targetHints":{"allow":["GET"]}}],"collection":[{"href":"https:\/\/www.radiopresidenteibanez.cl\/web\/wp-json\/wp\/v2\/posts"}],"about":[{"href":"https:\/\/www.radiopresidenteibanez.cl\/web\/wp-json\/wp\/v2\/types\/post"}],"author":[{"embeddable":true,"href":"https:\/\/www.radiopresidenteibanez.cl\/web\/wp-json\/wp\/v2\/users\/2"}],"replies":[{"embeddable":true,"href":"https:\/\/www.radiopresidenteibanez.cl\/web\/wp-json\/wp\/v2\/comments?post=14358"}],"version-history":[{"count":0,"href":"https:\/\/www.radiopresidenteibanez.cl\/web\/wp-json\/wp\/v2\/posts\/14358\/revisions"}],"wp:featuredmedia":[{"embeddable":true,"href":"https:\/\/www.radiopresidenteibanez.cl\/web\/wp-json\/wp\/v2\/media\/14359"}],"wp:attachment":[{"href":"https:\/\/www.radiopresidenteibanez.cl\/web\/wp-json\/wp\/v2\/media?parent=14358"}],"wp:term":[{"taxonomy":"category","embeddable":true,"href":"https:\/\/www.radiopresidenteibanez.cl\/web\/wp-json\/wp\/v2\/categories?post=14358"},{"taxonomy":"post_tag","embeddable":true,"href":"https:\/\/www.radiopresidenteibanez.cl\/web\/wp-json\/wp\/v2\/tags?post=14358"}],"curies":[{"name":"wp","href":"https:\/\/api.w.org\/{rel}","templated":true}]}}