{"id":14355,"date":"2020-08-24T14:20:02","date_gmt":"2020-08-24T14:20:02","guid":{"rendered":"https:\/\/www.radiopresidenteibanez.cl\/web\/?p=14355"},"modified":"2020-08-24T14:20:06","modified_gmt":"2020-08-24T14:20:06","slug":"magallanes-elige-vidrio-alcanza-el-millon-de-botellas-recicladas","status":"publish","type":"post","link":"https:\/\/www.radiopresidenteibanez.cl\/web\/magallanes-elige-vidrio-alcanza-el-millon-de-botellas-recicladas\/","title":{"rendered":"MAGALLANES ELIGE VIDRIO ALCANZA EL MILL\u00d3N DE BOTELLAS RECICLADAS"},"content":{"rendered":"\n<p>Magallanes Elige Vidrio, la campa\u00f1a de reciclaje de vidrio m\u00e1s austral del mundo, cumpli\u00f3 un importante hito que da cuenta del \u00e9xito que puede alcanzar el trabajo de reciclaje en conjunto, especialmente en esta contingencia sanitaria, luego de llegar a la in\u00e9dita cifra de un mill\u00f3n de botellas y envases de vidrio reciclados.<\/p>\n\n\n\n<p>La iniciativa, fruto del acuerdo entre la Municipalidad de Punta Arenas, Cristaler\u00edas de Chile, Transmares y Cervecer\u00edas Austral, totaliz\u00f3 hasta esta fecha 337,72 toneladas desde marzo del a\u00f1o pasado, las que fueron trasladadas en m\u00e1s de diez viajes desde la tierra austral hasta la Planta de Reciclaje de Cristaler\u00edas de Chile en la comuna de Padre Hurtado, perteneciente a la regi\u00f3n Metropolitana.<\/p>\n\n\n\n<p>Actualmente, existen 20 puntos de reciclaje, divididos por todo el territorio y dispuestos para que nuestros vecinos sean parte de este c\u00edrculo virtuoso y sustentable. En ese sentido, el alcalde Claudio Radonich agreg\u00f3 que \u201cnos ha costado bastante, pero hemos sido pioneros en varias iniciativas ambientales, entre ellas, el reciclaje de vidrio cumpliendo un Mill\u00f3n de Botellas\u201d.<\/p>\n\n\n\n<p>\u201cQuiero agradecer a las empresas que se han sumado a esta iniciativa, pero tambi\u00e9n a los vecinos de Punta Arenas, ya que han entendido el sentido de la campa\u00f1a que lo \u00fanico que busca es cuidar el entorno y medio ambiente\u201d, recalc\u00f3 Radonich.<\/p>\n\n\n\n<p>Por otra parte,&nbsp;Jorge Romero, Jefe de Reciclaje de Cristaler\u00edas de Chile, destac\u00f3 el trabajo realizado en Punta Arenas y dijo que&nbsp;\u201ceste importante hito de alcanzar el mill\u00f3n de botellas recicladas en Magallanes Elige Vidrio nos llena de orgullo. Desde que comenz\u00f3 esta alianza hemos ido consolidando este modelo de reciclaje sostenible con aportes p\u00fablicos y privados, y paso a paso vamos construyendo la red de reciclaje m\u00e1s extensa de Chile, un sue\u00f1o que Elige Vidrio ha tenido desde sus inicios. Quiero agradecer a todos quienes participan de esta cadena de reciclaje por su apoyo y enorme trabajo\u201d, expres\u00f3<\/p>\n\n\n\n<p>Magallanes Elige Vidrio naci\u00f3 en marzo del 2019, con el sue\u00f1o de que ning\u00fan envase de vidrio de Punta Arenas llegue a la basura, a trav\u00e9s de una alianza p\u00fablico privada entre distintos actores para replicar el modelo de reciclaje sostenible promovido por Elige Vidrio, y que ya se ha estado aplicando en Temuco, San Felipe y en Rapa Nui. Gracias a este hito de un mill\u00f3n de botellas recicladas, el reciclaje va reinstal\u00e1ndose como una urgencia de la ciudad y del pa\u00eds.<\/p>\n\n\n\n<p>Cabe se\u00f1alar que durante este periodo de contingencia, Magallanes Elige Vidrio ha estado cumpliendo con todas las medidas sanitarias para el traslado seguro de los envases de vidrio.<\/p>\n","protected":false},"excerpt":{"rendered":"<p>Magallanes Elige Vidrio, la campa\u00f1a de reciclaje de vidrio m\u00e1s austral del mundo, cumpli\u00f3 un importante hito que da cuenta del \u00e9xito que puede alcanzar el trabajo de reciclaje en&#8230; <a class=\"read-more\" href=\"https:\/\/www.radiopresidenteibanez.cl\/web\/magallanes-elige-vidrio-alcanza-el-millon-de-botellas-recicladas\/\">Leer m\u00e1s<\/a><\/p>\n","protected":false},"author":2,"featured_media":14356,"comment_status":"closed","ping_status":"closed","sticky":false,"template":"","format":"standard","meta":{"footnotes":""},"categories":[1],"tags":[],"class_list":["post-14355","post","type-post","status-publish","format-standard","has-post-thumbnail","hentry","category-cronica"],"_links":{"self":[{"href":"https:\/\/www.radiopresidenteibanez.cl\/web\/wp-json\/wp\/v2\/posts\/14355","targetHints":{"allow":["GET"]}}],"collection":[{"href":"https:\/\/www.radiopresidenteibanez.cl\/web\/wp-json\/wp\/v2\/posts"}],"about":[{"href":"https:\/\/www.radiopresidenteibanez.cl\/web\/wp-json\/wp\/v2\/types\/post"}],"author":[{"embeddable":true,"href":"https:\/\/www.radiopresidenteibanez.cl\/web\/wp-json\/wp\/v2\/users\/2"}],"replies":[{"embeddable":true,"href":"https:\/\/www.radiopresidenteibanez.cl\/web\/wp-json\/wp\/v2\/comments?post=14355"}],"version-history":[{"count":0,"href":"https:\/\/www.radiopresidenteibanez.cl\/web\/wp-json\/wp\/v2\/posts\/14355\/revisions"}],"wp:featuredmedia":[{"embeddable":true,"href":"https:\/\/www.radiopresidenteibanez.cl\/web\/wp-json\/wp\/v2\/media\/14356"}],"wp:attachment":[{"href":"https:\/\/www.radiopresidenteibanez.cl\/web\/wp-json\/wp\/v2\/media?parent=14355"}],"wp:term":[{"taxonomy":"category","embeddable":true,"href":"https:\/\/www.radiopresidenteibanez.cl\/web\/wp-json\/wp\/v2\/categories?post=14355"},{"taxonomy":"post_tag","embeddable":true,"href":"https:\/\/www.radiopresidenteibanez.cl\/web\/wp-json\/wp\/v2\/tags?post=14355"}],"curies":[{"name":"wp","href":"https:\/\/api.w.org\/{rel}","templated":true}]}}