{"id":14352,"date":"2020-08-24T14:17:05","date_gmt":"2020-08-24T14:17:05","guid":{"rendered":"https:\/\/www.radiopresidenteibanez.cl\/web\/?p=14352"},"modified":"2020-08-24T14:17:12","modified_gmt":"2020-08-24T14:17:12","slug":"un-pueblo-presente-y-en-resistencia-cinco-siglos-igual-por-bastian-millapel","status":"publish","type":"post","link":"https:\/\/www.radiopresidenteibanez.cl\/web\/un-pueblo-presente-y-en-resistencia-cinco-siglos-igual-por-bastian-millapel\/","title":{"rendered":"UN PUEBLO PRESENTE Y EN RESISTENCIA CINCO SIGLOS IGUAL por Basti\u00e1n Millapel"},"content":{"rendered":"\n<p>El \u201cconflicto mapuche\u201d debe ser\nuno de los que por m\u00e1s ha perdurado en el imaginario colectivo. Nos podr\u00edamos\nremontar a 1520 con la llegada del imperio espa\u00f1ol a lo que hoy en d\u00eda es territorio\nde Chile y parte del territorio mapuche, desde ese momento comenzar\u00edan cruentas\nmasacres hacia los pueblos que habitaban el territorio y obligando a mantener\nuna constante resistencia, en el caso de los mapuches.<\/p>\n\n\n\n<p>Pero podr\u00edamos decir que el\nactual conflicto entre el Estado de Chile y el pueblo mapuche radica desde\n1866, ya que en este a\u00f1o se decret\u00f3 una ley en la que todos los territorios al\nsur del r\u00edo Biob\u00edo donde ha permanecido asentado durante siglos la comunidad\nmapuche, trabajando en la agricultura, ganader\u00eda, etc. Deb\u00eda ser confiscada\npara pasar a ser propiedad fiscal, posteriormente las tropas del Estado Chileno\nllegaron a la Araucan\u00eda para usurpar los territorios, ten\u00edan la idea de \u201ctierras\nvac\u00edas\u201d esto origin\u00f3 a\u00f1os de batallas muy sangrientas donde el pueblo mapuche\nuna vez m\u00e1s deb\u00eda defender su territorio. Este periodo es conocido en la\nhistoriograf\u00eda tradicional como \u201cla pacificaci\u00f3n de la Araucan\u00eda\u201d, <\/p>\n\n\n\n<p>Este transcurso de ocupaci\u00f3n por\nparte del Estado chileno y de resistencia por parte del pueblo mapuche,\ndesciende notablemente con la refundaci\u00f3n de la ciudad de Villarrica en 1881 y\nel proceso de radicaci\u00f3n de los ind\u00edgenas en reservaciones en 1884, lo que\nprovoca una reducci\u00f3n de su territorio y de la sociedad ganadera, empobreci\u00e9ndola\nmediante la fuerza, originando al complejo conflicto entre estos dos\nprotagonistas que conocemos hasta los d\u00edas de hoy.<\/p>\n\n\n\n<p>A pesar de que el proceso de\nexpropiaci\u00f3n estatal duro hasta mediados del siglo XX, surgieron movimientos\ndentro de la comunidad mapuche, como el que buscaba la \u201cintegridad respetuosa\u201d\na la sociedad chilena a trav\u00e9s de la activa participaci\u00f3n pol\u00edtica, no obteniendo\nresultados y siendo rechazados estructuralmente, recurriendo a los hechos como\nla \u201ctoma\u201d de fundos de los mapuches que se produjo en el gobierno de Allende. <\/p>\n\n\n\n<p>Dicho todo esto, ahora es\nnecesario aclarar que durante todos estos a\u00f1os que llevamos como Rep\u00fablica no\nha existido un claro di\u00e1logo con el pueblo mapuche, m\u00e1s bien han existido \u201cpeque\u00f1os\nparches\u201d que a mi entender nos sumergen en un problema mayor en lugar de\nencaminar hacia el dialogo y la voluntad pol\u00edtica y no a balazos ni m\u00e1s muertes\nque por lo dem\u00e1s bastante ya tienen. <\/p>\n\n\n\n<p>El Estado Chileno tiene una deuda\nhist\u00f3rica de reconocimiento como una Naci\u00f3n mapuche que comparte una noci\u00f3n de\netnicidad propia de nuestro Estado que yace desde mucho antes de la\nconformaci\u00f3n de este. Por lo tanto, la creencia de una \u00fanica etnicidad, ligada\na la presencia europea que vino de tiempos coloniales que posteriormente se fue\nentremezclando, no representa a un Estado diverso en lo cultural como el\nnuestro. <\/p>\n\n\n\n<p>Eso al parecer no es muy bien\nconocido por la poblaci\u00f3n chilena, ya que en los niveles de ense\u00f1anza poco y\nnada se habla en torno a nuestros pueblos originarios. No ha existido una\ninterculturalidad real en nuestro pa\u00eds, eso se suma a los estereotipos,\nprejuicios y racismo que se han visto alimentados por la fatal ignorancia,\nutilizando muchas veces palabras internalizadas por nuestra sociedad como: \u201cya\nle sali\u00f3 lo indio\u201d, \u201cse te par\u00f3 la pluma\u201d, etc. Evidencias de un racismo\ninconsciente alimentado como dije anteriormente por la ignorancia. <\/p>\n\n\n\n<p>Sin embargo, es positivo ver como\nun gran porcentaje en nuestra poblaci\u00f3n apoyan las causas mapuches, esto lo\npodemos observar desde las manifestaciones que han existido desde la vuelta de\nla democracia y sobre todo despu\u00e9s del 18 de octubre del a\u00f1o pasado.<\/p>\n\n\n\n<p>El censo del 2017 nos deja ver\nque un 12,8% de la poblaci\u00f3n se considera perteneciente a un pueblo originario\ny un 9,9% de esos se considera perteneciente la etnia mapuche. <\/p>\n\n\n\n<p>Es ah\u00ed donde creo que es\nnecesario un reconocimiento constitucional por el Estado de Chile a nuestros\npueblos originarios, que no ha existido en toda nuestra historia republicana\npor las tres constituciones que hemos tenido como Rep\u00fablica. <\/p>\n\n\n\n<p>Hay que comenzar con ese anhelado\nreconocimiento el cu\u00e1l debe tener esca\u00f1os reservados para pueblos originarios\nen el Congreso, para que pueda verse representadas las diversas realidades de\nnuestro pa\u00eds, que en definitiva es la esencia de toda democracia\nrepresentativa. Y por lo dem\u00e1s puedan manifestar sus ideas para un Estado que\nm\u00e1s bien a sido \u201csordo\u201d durante d\u00e9cadas a un conflicto pol\u00edtico, deriv\u00e1ndolo\ncomo s\u00f3lo un problema de seguridad p\u00fablica. Los conflictos pol\u00edticos, se\nsolucionan con acciones pol\u00edticas. <\/p>\n\n\n\n<p><strong>Basti\u00e1n Millapel Tiznado<\/strong><\/p>\n\n\n\n<p><strong>Colectivo Vanguardia Comunitaria<\/strong><\/p>\n","protected":false},"excerpt":{"rendered":"<p>El \u201cconflicto mapuche\u201d debe ser uno de los que por m\u00e1s ha perdurado en el imaginario colectivo. Nos podr\u00edamos remontar a 1520 con la llegada del imperio espa\u00f1ol a lo&#8230; <a class=\"read-more\" href=\"https:\/\/www.radiopresidenteibanez.cl\/web\/un-pueblo-presente-y-en-resistencia-cinco-siglos-igual-por-bastian-millapel\/\">Leer m\u00e1s<\/a><\/p>\n","protected":false},"author":2,"featured_media":14353,"comment_status":"closed","ping_status":"closed","sticky":false,"template":"","format":"standard","meta":{"footnotes":""},"categories":[1],"tags":[],"class_list":["post-14352","post","type-post","status-publish","format-standard","has-post-thumbnail","hentry","category-cronica"],"_links":{"self":[{"href":"https:\/\/www.radiopresidenteibanez.cl\/web\/wp-json\/wp\/v2\/posts\/14352","targetHints":{"allow":["GET"]}}],"collection":[{"href":"https:\/\/www.radiopresidenteibanez.cl\/web\/wp-json\/wp\/v2\/posts"}],"about":[{"href":"https:\/\/www.radiopresidenteibanez.cl\/web\/wp-json\/wp\/v2\/types\/post"}],"author":[{"embeddable":true,"href":"https:\/\/www.radiopresidenteibanez.cl\/web\/wp-json\/wp\/v2\/users\/2"}],"replies":[{"embeddable":true,"href":"https:\/\/www.radiopresidenteibanez.cl\/web\/wp-json\/wp\/v2\/comments?post=14352"}],"version-history":[{"count":0,"href":"https:\/\/www.radiopresidenteibanez.cl\/web\/wp-json\/wp\/v2\/posts\/14352\/revisions"}],"wp:featuredmedia":[{"embeddable":true,"href":"https:\/\/www.radiopresidenteibanez.cl\/web\/wp-json\/wp\/v2\/media\/14353"}],"wp:attachment":[{"href":"https:\/\/www.radiopresidenteibanez.cl\/web\/wp-json\/wp\/v2\/media?parent=14352"}],"wp:term":[{"taxonomy":"category","embeddable":true,"href":"https:\/\/www.radiopresidenteibanez.cl\/web\/wp-json\/wp\/v2\/categories?post=14352"},{"taxonomy":"post_tag","embeddable":true,"href":"https:\/\/www.radiopresidenteibanez.cl\/web\/wp-json\/wp\/v2\/tags?post=14352"}],"curies":[{"name":"wp","href":"https:\/\/api.w.org\/{rel}","templated":true}]}}