{"id":14345,"date":"2020-08-24T14:08:32","date_gmt":"2020-08-24T14:08:32","guid":{"rendered":"https:\/\/www.radiopresidenteibanez.cl\/web\/?p=14345"},"modified":"2020-08-24T19:17:36","modified_gmt":"2020-08-24T19:17:36","slug":"23-mujeres-de-magallanes-impulsan-sus-emprendimientos-gracias-a-fondo-de-emergencia-seguimos-de-pie-de-prodemu","status":"publish","type":"post","link":"https:\/\/www.radiopresidenteibanez.cl\/web\/23-mujeres-de-magallanes-impulsan-sus-emprendimientos-gracias-a-fondo-de-emergencia-seguimos-de-pie-de-prodemu\/","title":{"rendered":"23 MUJERES DE MAGALLANES IMPULSAN SUS EMPRENDIMIENTOS  GRACIAS A FONDO DE EMERGENCIA \u201cSEGUIMOS DE PIE\u201d DE PRODEMU"},"content":{"rendered":"\n<p>Una compleja\nsituaci\u00f3n viven muchas mujeres que producto de la crisis sanitaria vieron\nafectados sus ingresos o sencillamente perdieron sus trabajos. Es por ello, que\nFundaci\u00f3n PRODEMU gener\u00f3 un fondo concursable de emergencia denominado\n\u201cSeguimos de Pie\u201d, que busca apoyar ideas de negocio de mujeres que hayan\nperdido su empleo, y\/o fortalecer emprendimientos informales.<\/p>\n\n\n\n<p>Esta iniciativa\nimpulsada por la Primera Dama, Cecilia Morel Montes, presidenta de la Red de\nFundaciones de la Presidencia y por PRODEMU a trav\u00e9s de su directora Nacional\nPaola Diez Berliner, seleccion\u00f3 en Magallanes a 23 mujeres con este Fondo de\nEmergencia. Ellas, gracias a los $300 mil asignados, pudieron adquirir bienes o\nservicios necesarios para impulsar el negocio que se vio afectado o reactivar\nsus emprendimientos.<\/p>\n\n\n\n<p>La directora\nregional de PRODEMU Magallanes, Gabriela S\u00e1nchez, explic\u00f3 que actualmente est\u00e1n\nen pleno proceso de concreci\u00f3n de los fondos mediante la compra efectiva de\nherramientas o insumos, equipos y maquinarias, y otros. <\/p>\n\n\n\n<p>\u201cEn nuestra\nregi\u00f3n, la adjudicaci\u00f3n de este fondo concursable, implic\u00f3 la entrega de casi\n$7 millones. Hoy, vemos c\u00f3mo este Fondo est\u00e1 efectivamente ayudando a rearmar,\na redise\u00f1ar a fortalecer una diversidad de emprendimientos de mujeres de\nnuestro territorio que tienen una fuerte incidencia en la sostenibilidad\necon\u00f3mica de sus hogares, y que les ha permitido mantener la esperanza y seguir\nde pie con mayor fuerza, autonom\u00eda y empoderamiento\u201d, manifest\u00f3 S\u00e1nchez.<\/p>\n\n\n\n<p><strong>Testimonios de las ganadoras<\/strong><\/p>\n\n\n\n<p>Algunas de las\nganadoras del fondo \u00abSeguimos de Pie\u00bb comentaron qu\u00e9 ha significado\npara ellas el poder desarrollar sus proyectos de manera individual o\nasociativa.<\/p>\n\n\n\n<p>Eva Viera, de la provincia de Magallanes, trabaja en la elaboraci\u00f3n de muebles, oficio que aprendi\u00f3 al haber trabajado en una empresa del rubro. \u201cNo tengo ingresos formales, por eso cuando supe del fondo postul\u00e9. Fue una gran satisfacci\u00f3n el haber sido seleccionada, porque fueron muchas las postulantes y la verdad es que me han servido mucho los recursos para comprar materiales, confeccionar y poder mostrar a mis clientes lo que hago a trav\u00e9s de mi emprendimiento \u00b4Tu espacio tus sue\u00f1os\u00b4\u201d.<\/p>\n\n\n\n<p>En el caso de la\nprovincia de \u00daltima Esperanza, Kathy D\u00edaz, artesana en lana y vell\u00f3n de\n\u201cKathalanas\u201d, destac\u00f3 que \u201cquiero agradecer este apoyo que viene en un momento\nfundamental donde muchas de nosotras llevamos un camino recorrido, pero es muy\nimportante poder continuar con nuestros proyectos. No solo agradezco este\naporte, sino que la preocupaci\u00f3n constante que PRODEMU ha tenido con nosotras y\nque nos hace sentir que somos parte de esa familia\u201d, indic\u00f3 D\u00edaz.<\/p>\n\n\n\n<p>En esa provincia\ntambi\u00e9n se desarrolla un proyecto asociativo que conforman Tamara Maass, Ocalin\ndel Valle Orozco y Beatriz Eugenia Molina L\u00f3pez.<\/p>\n\n\n\n<p>\u201cEstamos muy\nfelices de habernos ganado este fondo de PRODEMU que nos permiti\u00f3 adquirir\ninsumos en grandes cantidades. Nos sentimos felices y apoyadas por este fondo\nque nos ayuda a impulsarnos en el mundo de las Pymes, en estos tiempos tan\ndif\u00edciles de coronavirus. Tres mujeres de tres pa\u00edses distintos uniendo fuerza\ny conocimiento en trabajo para salir adelante\u201d, enfatizaron.<\/p>\n\n\n\n<p>Valeria Zamora de la provincia de\nTierra del Fuego se adjudic\u00f3 el fondo por el proyecto \u201cAurora Austral,\nreposter\u00eda casera\u201d. Ella se\u00f1al\u00f3 que \u201cla verdad es que estoy muy agradecida de\nesta instancia, por que como trabajadora del \u00e1rea del turismo me vi muy\nafectada por la pandemia. Adem\u00e1s del apoyo econ\u00f3mico que estoy recibiendo, el\ncual es muy relevante en el contexto actual, significa un gran incentivo que\ncrean en tu idea y en tu proyecto, y es sin dudas, un gran aliciente para\ncontinuar desarrollando mi emprendimiento\u201d.<\/p>\n\n\n\n<p>Para conocer m\u00e1s sobre el trabajo que desarrolla PRODEMU pueden ingresar a www.prodemu.cl o llamar a la l\u00ednea gratuita 800 364 200.<\/p>\n\n\n\n<figure class=\"wp-block-gallery columns-2 is-cropped wp-block-gallery-1 is-layout-flex wp-block-gallery-is-layout-flex\"><ul class=\"blocks-gallery-grid\"><li class=\"blocks-gallery-item\"><figure><img loading=\"lazy\" decoding=\"async\" width=\"1018\" height=\"758\" src=\"https:\/\/www.radiopresidenteibanez.cl\/web\/wp-content\/uploads\/2020\/08\/Kathy-D\u00edaz.jpg\" alt=\"\" data-id=\"14346\" data-full-url=\"https:\/\/www.radiopresidenteibanez.cl\/web\/wp-content\/uploads\/2020\/08\/Kathy-D\u00edaz.jpg\" data-link=\"https:\/\/www.radiopresidenteibanez.cl\/web\/?attachment_id=14346\" class=\"wp-image-14346\" srcset=\"https:\/\/www.radiopresidenteibanez.cl\/web\/wp-content\/uploads\/2020\/08\/Kathy-D\u00edaz.jpg 1018w, https:\/\/www.radiopresidenteibanez.cl\/web\/wp-content\/uploads\/2020\/08\/Kathy-D\u00edaz-300x223.jpg 300w, https:\/\/www.radiopresidenteibanez.cl\/web\/wp-content\/uploads\/2020\/08\/Kathy-D\u00edaz-768x572.jpg 768w\" sizes=\"auto, (max-width: 1018px) 100vw, 1018px\" \/><\/figure><\/li><li class=\"blocks-gallery-item\"><figure><img loading=\"lazy\" decoding=\"async\" width=\"1024\" height=\"683\" src=\"https:\/\/www.radiopresidenteibanez.cl\/web\/wp-content\/uploads\/2020\/08\/IMG_9150-1024x683.jpg\" alt=\"\" data-id=\"14347\" data-full-url=\"https:\/\/www.radiopresidenteibanez.cl\/web\/wp-content\/uploads\/2020\/08\/IMG_9150.jpg\" data-link=\"https:\/\/www.radiopresidenteibanez.cl\/web\/?attachment_id=14347\" class=\"wp-image-14347\" srcset=\"https:\/\/www.radiopresidenteibanez.cl\/web\/wp-content\/uploads\/2020\/08\/IMG_9150-1024x683.jpg 1024w, https:\/\/www.radiopresidenteibanez.cl\/web\/wp-content\/uploads\/2020\/08\/IMG_9150-300x200.jpg 300w, https:\/\/www.radiopresidenteibanez.cl\/web\/wp-content\/uploads\/2020\/08\/IMG_9150-768x512.jpg 768w, https:\/\/www.radiopresidenteibanez.cl\/web\/wp-content\/uploads\/2020\/08\/IMG_9150-1536x1024.jpg 1536w, https:\/\/www.radiopresidenteibanez.cl\/web\/wp-content\/uploads\/2020\/08\/IMG_9150.jpg 1992w\" sizes=\"auto, (max-width: 1024px) 100vw, 1024px\" \/><\/figure><\/li><\/ul><\/figure>\n","protected":false},"excerpt":{"rendered":"<p>Una compleja situaci\u00f3n viven muchas mujeres que producto de la crisis sanitaria vieron afectados sus ingresos o sencillamente perdieron sus trabajos. Es por ello, que Fundaci\u00f3n PRODEMU gener\u00f3 un fondo&#8230; <a class=\"read-more\" href=\"https:\/\/www.radiopresidenteibanez.cl\/web\/23-mujeres-de-magallanes-impulsan-sus-emprendimientos-gracias-a-fondo-de-emergencia-seguimos-de-pie-de-prodemu\/\">Leer m\u00e1s<\/a><\/p>\n","protected":false},"author":2,"featured_media":14348,"comment_status":"closed","ping_status":"closed","sticky":false,"template":"","format":"standard","meta":{"footnotes":""},"categories":[1],"tags":[],"class_list":["post-14345","post","type-post","status-publish","format-standard","has-post-thumbnail","hentry","category-cronica"],"_links":{"self":[{"href":"https:\/\/www.radiopresidenteibanez.cl\/web\/wp-json\/wp\/v2\/posts\/14345","targetHints":{"allow":["GET"]}}],"collection":[{"href":"https:\/\/www.radiopresidenteibanez.cl\/web\/wp-json\/wp\/v2\/posts"}],"about":[{"href":"https:\/\/www.radiopresidenteibanez.cl\/web\/wp-json\/wp\/v2\/types\/post"}],"author":[{"embeddable":true,"href":"https:\/\/www.radiopresidenteibanez.cl\/web\/wp-json\/wp\/v2\/users\/2"}],"replies":[{"embeddable":true,"href":"https:\/\/www.radiopresidenteibanez.cl\/web\/wp-json\/wp\/v2\/comments?post=14345"}],"version-history":[{"count":0,"href":"https:\/\/www.radiopresidenteibanez.cl\/web\/wp-json\/wp\/v2\/posts\/14345\/revisions"}],"wp:featuredmedia":[{"embeddable":true,"href":"https:\/\/www.radiopresidenteibanez.cl\/web\/wp-json\/wp\/v2\/media\/14348"}],"wp:attachment":[{"href":"https:\/\/www.radiopresidenteibanez.cl\/web\/wp-json\/wp\/v2\/media?parent=14345"}],"wp:term":[{"taxonomy":"category","embeddable":true,"href":"https:\/\/www.radiopresidenteibanez.cl\/web\/wp-json\/wp\/v2\/categories?post=14345"},{"taxonomy":"post_tag","embeddable":true,"href":"https:\/\/www.radiopresidenteibanez.cl\/web\/wp-json\/wp\/v2\/tags?post=14345"}],"curies":[{"name":"wp","href":"https:\/\/api.w.org\/{rel}","templated":true}]}}