{"id":1434,"date":"2019-02-14T18:58:37","date_gmt":"2019-02-14T18:58:37","guid":{"rendered":"http:\/\/www.radiopresidenteibanez.cl\/web\/?p=1434"},"modified":"2019-02-14T18:59:00","modified_gmt":"2019-02-14T18:59:00","slug":"swanhouse-tuvo-destacada-participacion-en-primera-competencia-de-esquila-de-cerro-sombrero","status":"publish","type":"post","link":"https:\/\/www.radiopresidenteibanez.cl\/web\/swanhouse-tuvo-destacada-participacion-en-primera-competencia-de-esquila-de-cerro-sombrero\/","title":{"rendered":"SWANHOUSE TUVO DESTACADA PARTICIPACI\u00d3N EN PRIMERA COMPETENCIA DE ESQUILA DE CERRO SOMBRERO"},"content":{"rendered":"\n<p>El pasado domingo, 10 de febrero, se llev\u00f3 a cabo la 1\u00aa competencia de \u2018Speed Shear y Calidad de Cerro Sombrero\u2019, en la comuna de Primavera en Tierra del Fuego.<\/p>\n\n\n\n<p>El evento fue organizado por el esquilador porvenire\u00f1o Archie Sep\u00falveda, la Ilustre Municipalidad de Primavera y la empresa Swanhouse S.A. Adem\u00e1s, se pudo llevar adelante gracias al aporte econ\u00f3mico del 6% del Fondo Nacional de Desarrollo Regional de Cultura, aprobado por el Consejo Regional de Magallanes y Ant\u00e1rtica Chilena para el municipio de Primavera.<\/p>\n\n\n\n<p>Swanhouse S.A., adem\u00e1s de gestionar la organizaci\u00f3n y log\u00edstica del evento, fue quien provey\u00f3 los animales a esquilar, en un evento llamativo y que busca rescatar las antiguas tradiciones de la esquila, el cual se desarroll\u00f3 en la reci\u00e9n inaugurada tarima de la esquila del municipio de Primavera<\/p>\n","protected":false},"excerpt":{"rendered":"<p>El pasado domingo, 10 de febrero, se llev\u00f3 a cabo la 1\u00aa competencia de \u2018Speed Shear y Calidad de Cerro Sombrero\u2019, en la comuna de Primavera en Tierra del Fuego&#8230;. <a class=\"read-more\" href=\"https:\/\/www.radiopresidenteibanez.cl\/web\/swanhouse-tuvo-destacada-participacion-en-primera-competencia-de-esquila-de-cerro-sombrero\/\">Leer m\u00e1s<\/a><\/p>\n","protected":false},"author":2,"featured_media":1435,"comment_status":"closed","ping_status":"closed","sticky":false,"template":"","format":"standard","meta":{"footnotes":""},"categories":[1],"tags":[],"class_list":["post-1434","post","type-post","status-publish","format-standard","has-post-thumbnail","hentry","category-cronica"],"_links":{"self":[{"href":"https:\/\/www.radiopresidenteibanez.cl\/web\/wp-json\/wp\/v2\/posts\/1434","targetHints":{"allow":["GET"]}}],"collection":[{"href":"https:\/\/www.radiopresidenteibanez.cl\/web\/wp-json\/wp\/v2\/posts"}],"about":[{"href":"https:\/\/www.radiopresidenteibanez.cl\/web\/wp-json\/wp\/v2\/types\/post"}],"author":[{"embeddable":true,"href":"https:\/\/www.radiopresidenteibanez.cl\/web\/wp-json\/wp\/v2\/users\/2"}],"replies":[{"embeddable":true,"href":"https:\/\/www.radiopresidenteibanez.cl\/web\/wp-json\/wp\/v2\/comments?post=1434"}],"version-history":[{"count":0,"href":"https:\/\/www.radiopresidenteibanez.cl\/web\/wp-json\/wp\/v2\/posts\/1434\/revisions"}],"wp:featuredmedia":[{"embeddable":true,"href":"https:\/\/www.radiopresidenteibanez.cl\/web\/wp-json\/wp\/v2\/media\/1435"}],"wp:attachment":[{"href":"https:\/\/www.radiopresidenteibanez.cl\/web\/wp-json\/wp\/v2\/media?parent=1434"}],"wp:term":[{"taxonomy":"category","embeddable":true,"href":"https:\/\/www.radiopresidenteibanez.cl\/web\/wp-json\/wp\/v2\/categories?post=1434"},{"taxonomy":"post_tag","embeddable":true,"href":"https:\/\/www.radiopresidenteibanez.cl\/web\/wp-json\/wp\/v2\/tags?post=1434"}],"curies":[{"name":"wp","href":"https:\/\/api.w.org\/{rel}","templated":true}]}}