{"id":14322,"date":"2020-08-23T20:25:52","date_gmt":"2020-08-23T20:25:52","guid":{"rendered":"https:\/\/www.radiopresidenteibanez.cl\/web\/?p=14322"},"modified":"2020-08-23T21:48:31","modified_gmt":"2020-08-23T21:48:31","slug":"mariela-rojas-renuncio-a-su-cargo-con-carta-dirigida-al-ministro-paris","status":"publish","type":"post","link":"https:\/\/www.radiopresidenteibanez.cl\/web\/mariela-rojas-renuncio-a-su-cargo-con-carta-dirigida-al-ministro-paris\/","title":{"rendered":"MARIELA ROJAS RENUNCI\u00d3 A SU CARGO CON CARTA DIRIGIDA AL MINISTRO PARIS"},"content":{"rendered":"\n<p>A trav\u00e9s de una carta la ahora ex seremi de Salud, Mariela\nRojas, le inform\u00f3 al Ministro de Salud, Enrique Paris, que dejar\u00eda el cargo en\nla regi\u00f3n de Magallanes, a quien acus\u00f3 de haber emitido p\u00fablicamente desafortunadas\ndeclaraciones en medio del reporte Covid-19 de este domingo. 23 de agosto,\nluego de que una periodista le preguntar\u00e1 por los altos \u00edndices que ha marcado\npor sobre todo Punta Arenas en las \u00faltimas jornadas.<\/p>\n\n\n\n<p>En la ocasi\u00f3n, Paris al momento de responder la pregunta comenz\u00f3 diciendo que \u201cesto es incomprensible para la autoridad\u201d analizando las altas cifras, en ese momento realiz\u00f3 un llamado a las autoridades tanto regionales como sanitarias a coordinarse mejor para lograr disminuir las cifras.<\/p>\n\n\n\n<p>En la misiva, Rojas, expres\u00f3 que \u201custed,\nen forma irresponsable, ha emitido en forma p\u00fablica una acusaci\u00f3n de ineptitud\na esta profesional, la cual no se la acepto. De haber actuado usted\ncorrectamente y ante la supuesta cat\u00e1strofe que vivir\u00eda Magallanes, usted debi\u00f3\nhaberme llamado y hablar sobre el tema, cuesti\u00f3n que lamentablemente no hizo\u201d.<\/p>\n\n\n\n<p>Cabe mencionar, que la salida de Mariela Rojas se har\u00e1 oficial a partir del martes 25 de agosto.<\/p>\n\n\n\n<p>Carta Mariela Rojas<\/p>\n\n\n\n<figure class=\"wp-block-image size-large\"><img loading=\"lazy\" decoding=\"async\" width=\"473\" height=\"1024\" src=\"https:\/\/www.radiopresidenteibanez.cl\/web\/wp-content\/uploads\/2020\/08\/IMG-20200823-WA0017-473x1024.jpg\" alt=\"\" class=\"wp-image-14323\" srcset=\"https:\/\/www.radiopresidenteibanez.cl\/web\/wp-content\/uploads\/2020\/08\/IMG-20200823-WA0017-473x1024.jpg 473w, https:\/\/www.radiopresidenteibanez.cl\/web\/wp-content\/uploads\/2020\/08\/IMG-20200823-WA0017-139x300.jpg 139w, https:\/\/www.radiopresidenteibanez.cl\/web\/wp-content\/uploads\/2020\/08\/IMG-20200823-WA0017.jpg 591w\" sizes=\"auto, (max-width: 473px) 100vw, 473px\" \/><\/figure>\n\n\n\n<p><\/p>\n\n\n\n<p>CHH.<\/p>\n","protected":false},"excerpt":{"rendered":"<p>A trav\u00e9s de una carta la ahora ex seremi de Salud, Mariela Rojas, le inform\u00f3 al Ministro de Salud, Enrique Paris, que dejar\u00eda el cargo en la regi\u00f3n de Magallanes,&#8230; <a class=\"read-more\" href=\"https:\/\/www.radiopresidenteibanez.cl\/web\/mariela-rojas-renuncio-a-su-cargo-con-carta-dirigida-al-ministro-paris\/\">Leer m\u00e1s<\/a><\/p>\n","protected":false},"author":2,"featured_media":14194,"comment_status":"closed","ping_status":"closed","sticky":false,"template":"","format":"standard","meta":{"footnotes":""},"categories":[1],"tags":[],"class_list":["post-14322","post","type-post","status-publish","format-standard","has-post-thumbnail","hentry","category-cronica"],"_links":{"self":[{"href":"https:\/\/www.radiopresidenteibanez.cl\/web\/wp-json\/wp\/v2\/posts\/14322","targetHints":{"allow":["GET"]}}],"collection":[{"href":"https:\/\/www.radiopresidenteibanez.cl\/web\/wp-json\/wp\/v2\/posts"}],"about":[{"href":"https:\/\/www.radiopresidenteibanez.cl\/web\/wp-json\/wp\/v2\/types\/post"}],"author":[{"embeddable":true,"href":"https:\/\/www.radiopresidenteibanez.cl\/web\/wp-json\/wp\/v2\/users\/2"}],"replies":[{"embeddable":true,"href":"https:\/\/www.radiopresidenteibanez.cl\/web\/wp-json\/wp\/v2\/comments?post=14322"}],"version-history":[{"count":0,"href":"https:\/\/www.radiopresidenteibanez.cl\/web\/wp-json\/wp\/v2\/posts\/14322\/revisions"}],"wp:featuredmedia":[{"embeddable":true,"href":"https:\/\/www.radiopresidenteibanez.cl\/web\/wp-json\/wp\/v2\/media\/14194"}],"wp:attachment":[{"href":"https:\/\/www.radiopresidenteibanez.cl\/web\/wp-json\/wp\/v2\/media?parent=14322"}],"wp:term":[{"taxonomy":"category","embeddable":true,"href":"https:\/\/www.radiopresidenteibanez.cl\/web\/wp-json\/wp\/v2\/categories?post=14322"},{"taxonomy":"post_tag","embeddable":true,"href":"https:\/\/www.radiopresidenteibanez.cl\/web\/wp-json\/wp\/v2\/tags?post=14322"}],"curies":[{"name":"wp","href":"https:\/\/api.w.org\/{rel}","templated":true}]}}