{"id":14314,"date":"2020-08-23T15:52:50","date_gmt":"2020-08-23T15:52:50","guid":{"rendered":"https:\/\/www.radiopresidenteibanez.cl\/web\/?p=14314"},"modified":"2020-08-23T15:53:02","modified_gmt":"2020-08-23T15:53:02","slug":"positivo-balance-de-cyber-fosis-a-nivel-nacional-y-regional","status":"publish","type":"post","link":"https:\/\/www.radiopresidenteibanez.cl\/web\/positivo-balance-de-cyber-fosis-a-nivel-nacional-y-regional\/","title":{"rendered":"POSITIVO BALANCE DE CYBER FOSIS A NIVEL NACIONAL Y REGIONAL"},"content":{"rendered":"\n<p>Cuentas alegres sacaron los 494 emprendedores\nque participaron de esta plataforma que visibiliz\u00f3 negocios de todas las\nregiones del pa\u00eds, con 20 representes de la regi\u00f3n de Magallanes, gener\u00e1ndose\nm\u00e1s de 54 millones de pesos en ventas en total.<\/p>\n\n\n\n<p>Para conocer de cerca sus experiencias, la Seremi\nde Desarrollo Social y Familia, Liz Casanueva, junto al director regional del Fondo\nde Solidaridad e Inversi\u00f3n Social, FOSIS, Hern\u00e1n Soto, visitaron a dos\ndestacadas emprendedoras que fueron muy activas durante la campa\u00f1a. Daniela\nGallardo, de \u201cArte Yag\u00e1n Lom Sapakuta\u201d, e Irma Cuyul, responsable de \u201cKeninek\nLanas Artesanales\u201d.<\/p>\n\n\n\n<p>\u201cMi experiencia fue super buena, gratificante.\nMe sirvi\u00f3 para atraer m\u00e1s clientes, igual para que gente de otras regiones me\nconociera. Es muy importante meterse m\u00e1s en redes sociales, eso te ayuda a\ngenerar m\u00e1s ventas y que te conozcan\u201d, se\u00f1al\u00f3 entusiasma Irma Cuyul que\ncomercializa lanas de todo tipo y que aprovech\u00f3 esta oportunidad para vender y\ncontactar potenciales clientes.<\/p>\n\n\n\n<p>La Seremi de Desarrollo Social y Familia\nMagallanes, Liz Casanueva, explic\u00f3 que \u201cse hace enormemente importante porque\nson ingresos extras para poder paliar lo que ha sido&nbsp; la pandemia. Estamos muy contentos de estas\ndos iniciativas que hemos visitado el d\u00eda de hoy, que evidentemente han\ngenerado nuevos recursos para las familias\u201d. <\/p>\n\n\n\n<p>\u201cCumpli\u00f3 y super\u00f3 las expectativas, muy\ncontentos a nivel nacional y regional, con nuestras veinte representantes, porque\ncuadruplicamos las ventas dentro de la meta que nos hab\u00edamos puesto. Esperamos\nque esta experiencia se vuelva a repetir&nbsp;\ny puedan participar m\u00e1s emprendedores\u201d, expres\u00f3 el director regional del\nFOSIS, Hern\u00e1n Soto. <\/p>\n","protected":false},"excerpt":{"rendered":"<p>Cuentas alegres sacaron los 494 emprendedores que participaron de esta plataforma que visibiliz\u00f3 negocios de todas las regiones del pa\u00eds, con 20 representes de la regi\u00f3n de Magallanes, gener\u00e1ndose m\u00e1s&#8230; <a class=\"read-more\" href=\"https:\/\/www.radiopresidenteibanez.cl\/web\/positivo-balance-de-cyber-fosis-a-nivel-nacional-y-regional\/\">Leer m\u00e1s<\/a><\/p>\n","protected":false},"author":2,"featured_media":14315,"comment_status":"closed","ping_status":"closed","sticky":false,"template":"","format":"standard","meta":{"footnotes":""},"categories":[1],"tags":[],"class_list":["post-14314","post","type-post","status-publish","format-standard","has-post-thumbnail","hentry","category-cronica"],"_links":{"self":[{"href":"https:\/\/www.radiopresidenteibanez.cl\/web\/wp-json\/wp\/v2\/posts\/14314","targetHints":{"allow":["GET"]}}],"collection":[{"href":"https:\/\/www.radiopresidenteibanez.cl\/web\/wp-json\/wp\/v2\/posts"}],"about":[{"href":"https:\/\/www.radiopresidenteibanez.cl\/web\/wp-json\/wp\/v2\/types\/post"}],"author":[{"embeddable":true,"href":"https:\/\/www.radiopresidenteibanez.cl\/web\/wp-json\/wp\/v2\/users\/2"}],"replies":[{"embeddable":true,"href":"https:\/\/www.radiopresidenteibanez.cl\/web\/wp-json\/wp\/v2\/comments?post=14314"}],"version-history":[{"count":0,"href":"https:\/\/www.radiopresidenteibanez.cl\/web\/wp-json\/wp\/v2\/posts\/14314\/revisions"}],"wp:featuredmedia":[{"embeddable":true,"href":"https:\/\/www.radiopresidenteibanez.cl\/web\/wp-json\/wp\/v2\/media\/14315"}],"wp:attachment":[{"href":"https:\/\/www.radiopresidenteibanez.cl\/web\/wp-json\/wp\/v2\/media?parent=14314"}],"wp:term":[{"taxonomy":"category","embeddable":true,"href":"https:\/\/www.radiopresidenteibanez.cl\/web\/wp-json\/wp\/v2\/categories?post=14314"},{"taxonomy":"post_tag","embeddable":true,"href":"https:\/\/www.radiopresidenteibanez.cl\/web\/wp-json\/wp\/v2\/tags?post=14314"}],"curies":[{"name":"wp","href":"https:\/\/api.w.org\/{rel}","templated":true}]}}