{"id":1431,"date":"2019-02-14T18:54:28","date_gmt":"2019-02-14T18:54:28","guid":{"rendered":"http:\/\/www.radiopresidenteibanez.cl\/web\/?p=1431"},"modified":"2019-02-14T18:54:41","modified_gmt":"2019-02-14T18:54:41","slug":"madres-de-ninos-que-lucharon-contra-el-cancer-invitan-a-la-comunidad-a-conmemorar-dia-internacional-de-la-lucha-contra-el-cancer-infantil","status":"publish","type":"post","link":"https:\/\/www.radiopresidenteibanez.cl\/web\/madres-de-ninos-que-lucharon-contra-el-cancer-invitan-a-la-comunidad-a-conmemorar-dia-internacional-de-la-lucha-contra-el-cancer-infantil\/","title":{"rendered":"MADRES DE NI\u00d1OS QUE LUCHARON CONTRA EL C\u00c1NCER INVITAN A LA COMUNIDAD A CONMEMORAR D\u00cdA INTERNACIONAL DE LA LUCHA CONTRA EL C\u00c1NCER INFANTIL"},"content":{"rendered":"\n<p>Con velas y globos amarrillos este viernes 15 de febrero, a partir de las 21:00 hrs, se desarrollar\u00e1 la Velat\u00f3n 2019 en conmemoraci\u00f3n del D\u00eda Internacional de la Lucha Contra el C\u00e1ncer Infantil. La actividad se realizar\u00e1 en 17 ciudades de nuestro pa\u00eds y en Punta Arenas el lugar escogido es el mirador del Cerro La Cruz<\/p>\n\n\n\n<p>La actividad es organizada en la comuna por la Agrupaci\u00f3n Oncomam\u00e1s, que invita a toda la comunidad residente en la comuna a participar de la actividad y concientizarlos sobre esta enfermedad que afecta la vida de miles de ni\u00f1os en todo el mundo y a sus familias.<\/p>\n\n\n\n<p>Al respecto, Ver\u00f3nica Garrido, representante de Oncomam\u00e1s, se\u00f1al\u00f3 que \u201cnos hemos autoconvocado en todo Chile y vamos a hacer una velat\u00f3n que se realizar\u00e1 simult\u00e1neamente en 17 puntos de nuestro pa\u00eds. Ac\u00e1 en Magallanes, vamos a realizar la actividad en el mirador del Cerro la Cruz, a las 21:00 hrs. la idea es que la gente participe con sus velitas y podamos conmemorar ese d\u00eda, prendiendo una velita por los ni\u00f1os que est\u00e1n actualmente en tratamiento contra la enfermedad y para que recordemos a las personas queridas y a los ni\u00f1os que ya han partido\u201d.<\/p>\n\n\n\n<p><strong>En memoria de<\/strong><\/p>\n\n\n\n<p>Cabe recordar que el s\u00e1bado reci\u00e9n pasado la peque\u00f1a de 6 a\u00f1os Ema Duamante falleci\u00f3 en Santiago. En septiembre del a\u00f1o pasado fue trasplantada de m\u00e9dula debido a la leucemia mieloide aguda que la afectaba, intervenci\u00f3n que la debilit\u00f3 y le provoc\u00f3 un adenovirus que m\u00e1s tarde se convertir\u00eda en una neumon\u00eda que finalmente le quit\u00f3 la vida.<\/p>\n\n\n\n<p>Otra de las personas que ser\u00e1n recordadas en la ocasi\u00f3n es Daniela Soto, joven de 23 a\u00f1os que emocion\u00f3 a todo el pa\u00eds con su historia de amor en medio de la adversidad, contrayendo matrimonio con su pareja de 7 a\u00f1os en medio de su enfermedad y falleciendo el 8 de febrero del a\u00f1o pasado. &nbsp;<\/p>\n\n\n\n<p>Es por ellas y por muchos m\u00e1s, que se convoca a toda la comunidad local a conmemorar este d\u00eda.<\/p>\n","protected":false},"excerpt":{"rendered":"<p>Con velas y globos amarrillos este viernes 15 de febrero, a partir de las 21:00 hrs, se desarrollar\u00e1 la Velat\u00f3n 2019 en conmemoraci\u00f3n del D\u00eda Internacional de la Lucha Contra&#8230; <a class=\"read-more\" href=\"https:\/\/www.radiopresidenteibanez.cl\/web\/madres-de-ninos-que-lucharon-contra-el-cancer-invitan-a-la-comunidad-a-conmemorar-dia-internacional-de-la-lucha-contra-el-cancer-infantil\/\">Leer m\u00e1s<\/a><\/p>\n","protected":false},"author":2,"featured_media":1432,"comment_status":"closed","ping_status":"closed","sticky":false,"template":"","format":"standard","meta":{"footnotes":""},"categories":[1],"tags":[],"class_list":["post-1431","post","type-post","status-publish","format-standard","has-post-thumbnail","hentry","category-cronica"],"_links":{"self":[{"href":"https:\/\/www.radiopresidenteibanez.cl\/web\/wp-json\/wp\/v2\/posts\/1431","targetHints":{"allow":["GET"]}}],"collection":[{"href":"https:\/\/www.radiopresidenteibanez.cl\/web\/wp-json\/wp\/v2\/posts"}],"about":[{"href":"https:\/\/www.radiopresidenteibanez.cl\/web\/wp-json\/wp\/v2\/types\/post"}],"author":[{"embeddable":true,"href":"https:\/\/www.radiopresidenteibanez.cl\/web\/wp-json\/wp\/v2\/users\/2"}],"replies":[{"embeddable":true,"href":"https:\/\/www.radiopresidenteibanez.cl\/web\/wp-json\/wp\/v2\/comments?post=1431"}],"version-history":[{"count":0,"href":"https:\/\/www.radiopresidenteibanez.cl\/web\/wp-json\/wp\/v2\/posts\/1431\/revisions"}],"wp:featuredmedia":[{"embeddable":true,"href":"https:\/\/www.radiopresidenteibanez.cl\/web\/wp-json\/wp\/v2\/media\/1432"}],"wp:attachment":[{"href":"https:\/\/www.radiopresidenteibanez.cl\/web\/wp-json\/wp\/v2\/media?parent=1431"}],"wp:term":[{"taxonomy":"category","embeddable":true,"href":"https:\/\/www.radiopresidenteibanez.cl\/web\/wp-json\/wp\/v2\/categories?post=1431"},{"taxonomy":"post_tag","embeddable":true,"href":"https:\/\/www.radiopresidenteibanez.cl\/web\/wp-json\/wp\/v2\/tags?post=1431"}],"curies":[{"name":"wp","href":"https:\/\/api.w.org\/{rel}","templated":true}]}}