{"id":14308,"date":"2020-08-23T15:46:28","date_gmt":"2020-08-23T15:46:28","guid":{"rendered":"https:\/\/www.radiopresidenteibanez.cl\/web\/?p=14308"},"modified":"2020-08-23T15:46:32","modified_gmt":"2020-08-23T15:46:32","slug":"direccion-del-trabajo-ha-realizado-275-fiscalizaciones-para-exigir-cumplimiento-de-medidas-de-seguridad-contra-el-covid-19","status":"publish","type":"post","link":"https:\/\/www.radiopresidenteibanez.cl\/web\/direccion-del-trabajo-ha-realizado-275-fiscalizaciones-para-exigir-cumplimiento-de-medidas-de-seguridad-contra-el-covid-19\/","title":{"rendered":"DIRECCI\u00d3N DEL TRABAJO HA REALIZADO 275 FISCALIZACIONES PARA EXIGIR CUMPLIMIENTO DE MEDIDAS DE SEGURIDAD CONTRA EL COVID-19"},"content":{"rendered":"\n<p>Un total de 275 fiscalizaciones de seguridad y\nsalud ha realizado la Direcci\u00f3n del Trabajo en la Regi\u00f3n de Magallanes entre\nabril y julio pasados para prevenir los contagios por Covid-19 en los centros\nlaborales. <\/p>\n\n\n\n<p>El organismo ha actuado en este per\u00edodo\nrespaldado en el art\u00edculo 184 del C\u00f3digo del Trabajo, que obliga a los\nempleadores a proteger eficazmente la vida y salud de los trabajadores. <\/p>\n\n\n\n<p>De este modo puede fiscalizar las obligaciones\nestablecidas por la autoridad sanitaria para reducir los contagios por la\npandemia. Entre otras, el derecho a saber de los trabajadores sobre los riesgos\na los que est\u00e1n expuestos, sanitizaci\u00f3n de los centros de trabajo y entrega\ngratuita de elementos de protecci\u00f3n personal como mascarillas, guantes y\ndisposici\u00f3n de agua, jab\u00f3n y alcohol gel.<\/p>\n\n\n\n<p>El intendente regional de Magallanes, Jos\u00e9\nFern\u00e1ndez, destac\u00f3 esta labor y relev\u00f3 la funci\u00f3n del organismo fiscalizador.\n\u201cSabemos la importancia del rol que cumple la Direcci\u00f3n regional del Trabajo,\nespecialmente en medio de esta crisis sanitaria, cuando se hace m\u00e1s esencial\nque nunca la labor fiscalizadora que han desarrollado durante todo este\nper\u00edodo. Por ello, destaco estas m\u00e1s de 270 fiscalizaciones efectuadas en estos\nmeses, recordando que, adem\u00e1s, el servicio ha estado entregando orientaci\u00f3n a\nlos trabajadores de manera ininterrumpida en este tiempo\u201d.<\/p>\n\n\n\n<p>A su vez, la Seremi del Trabajo, Victoria\nCort\u00e9s, expres\u00f3 que \u201ctal como se\u00f1ala el Intendente, es importante destacar la\ncontinuidad del servicio que han entregado los funcionarios de la Direcci\u00f3n\nregional del Trabajo, manteniendo su atenci\u00f3n al p\u00fablico tambi\u00e9n durante el\nper\u00edodo de cuarentena y, adem\u00e1s, se\u00f1alar que la direcci\u00f3n no s\u00f3lo fiscaliza materias\nrelacionadas con la prevenci\u00f3n del Covid_19, por lo que, en lo que va del a\u00f1o,\nse han efectuado m\u00e1s de 800 procesos de fiscalizaci\u00f3n en diversos \u00e1mbitos, como\njornadas de trabajo, contratos, entre otros\u201d.<\/p>\n\n\n\n<p>Carlo Gorziglia, Director Regional del Trabajo,\nexplic\u00f3 que \u201cindependiente de que algunas de nuestras comunas estuviesen o no\nen cuarentena, desde un comienzo nos abocamos a fiscalizar empresas de\ndistintos rubros para asegurar que el m\u00e1ximo de trabajadores de nuestra regi\u00f3n\nestuviese adecuadamente protegido de contagios; afortunadamente, como lo\ndemuestran los resultados obtenidos, el cumplimiento de las empresas en higiene\ny seguridad ha sido mayoritariamente positivo\u201d.<\/p>\n\n\n\n<p>Efectivamente, las 275 fiscalizaciones se\ndesplegaron en distintos sectores productivos: comercio (158), bodegas (53),\nreparto de mercader\u00edas (36), portuario (14), plantas pesqueras (12) y plantas\nsalmoneras (2). <\/p>\n\n\n\n<p>Gorziglia resalt\u00f3 tambi\u00e9n las jornadas\nexcepcionales de jornada otorgadas para contribuir a reducir los desplazamientos\nde trabajadores de faenas lejanas que deben movilizarse entre estas y sus\ndomicilios.<\/p>\n\n\n\n<p>En este \u00e1mbito se autorizaron 50 jornadas\nexcepcionales por 20X20 y 2X21 d\u00edas continuos de labores por igual n\u00famero de\nd\u00edas de descanso, \u201clo que viene a colaborar con disminuir la exposici\u00f3n de\ntrabajares en el transporte desde y hacia las faenas, como la permanencia en\nsus hogares y faenas en periodos mayores de 14 d\u00edas\u201d, explic\u00f3 la autoridad\nfiscalizadora. <\/p>\n\n\n\n<p>Asimismo, resalt\u00f3 que \u201cnuestros procesos de\nfiscalizaci\u00f3n como de atenci\u00f3n de usuarios se ha mantenido incluso durante\nperiodo de cuarentena en Punta Arenas, donde hubo cuarentena total entre el 1\nde abril y el 7 de mayo\u201d.&nbsp; <\/p>\n\n\n\n<p>Durante el per\u00edodo analizado, la Direcci\u00f3n del\nTrabajo aplic\u00f3 en Magallanes 12 sanciones a seis de las empresas fiscalizadas. <\/p>\n","protected":false},"excerpt":{"rendered":"<p>Un total de 275 fiscalizaciones de seguridad y salud ha realizado la Direcci\u00f3n del Trabajo en la Regi\u00f3n de Magallanes entre abril y julio pasados para prevenir los contagios por&#8230; <a class=\"read-more\" href=\"https:\/\/www.radiopresidenteibanez.cl\/web\/direccion-del-trabajo-ha-realizado-275-fiscalizaciones-para-exigir-cumplimiento-de-medidas-de-seguridad-contra-el-covid-19\/\">Leer m\u00e1s<\/a><\/p>\n","protected":false},"author":2,"featured_media":14309,"comment_status":"closed","ping_status":"closed","sticky":false,"template":"","format":"standard","meta":{"footnotes":""},"categories":[1],"tags":[],"class_list":["post-14308","post","type-post","status-publish","format-standard","has-post-thumbnail","hentry","category-cronica"],"_links":{"self":[{"href":"https:\/\/www.radiopresidenteibanez.cl\/web\/wp-json\/wp\/v2\/posts\/14308","targetHints":{"allow":["GET"]}}],"collection":[{"href":"https:\/\/www.radiopresidenteibanez.cl\/web\/wp-json\/wp\/v2\/posts"}],"about":[{"href":"https:\/\/www.radiopresidenteibanez.cl\/web\/wp-json\/wp\/v2\/types\/post"}],"author":[{"embeddable":true,"href":"https:\/\/www.radiopresidenteibanez.cl\/web\/wp-json\/wp\/v2\/users\/2"}],"replies":[{"embeddable":true,"href":"https:\/\/www.radiopresidenteibanez.cl\/web\/wp-json\/wp\/v2\/comments?post=14308"}],"version-history":[{"count":0,"href":"https:\/\/www.radiopresidenteibanez.cl\/web\/wp-json\/wp\/v2\/posts\/14308\/revisions"}],"wp:featuredmedia":[{"embeddable":true,"href":"https:\/\/www.radiopresidenteibanez.cl\/web\/wp-json\/wp\/v2\/media\/14309"}],"wp:attachment":[{"href":"https:\/\/www.radiopresidenteibanez.cl\/web\/wp-json\/wp\/v2\/media?parent=14308"}],"wp:term":[{"taxonomy":"category","embeddable":true,"href":"https:\/\/www.radiopresidenteibanez.cl\/web\/wp-json\/wp\/v2\/categories?post=14308"},{"taxonomy":"post_tag","embeddable":true,"href":"https:\/\/www.radiopresidenteibanez.cl\/web\/wp-json\/wp\/v2\/tags?post=14308"}],"curies":[{"name":"wp","href":"https:\/\/api.w.org\/{rel}","templated":true}]}}