{"id":14305,"date":"2020-08-23T15:42:49","date_gmt":"2020-08-23T15:42:49","guid":{"rendered":"https:\/\/www.radiopresidenteibanez.cl\/web\/?p=14305"},"modified":"2020-08-23T15:42:53","modified_gmt":"2020-08-23T15:42:53","slug":"alcalde-de-natales-solicita-a-conaf-no-realizar-cobro-de-ingreso-al-paine-para-los-habitantes-de-ultima-esperanza","status":"publish","type":"post","link":"https:\/\/www.radiopresidenteibanez.cl\/web\/alcalde-de-natales-solicita-a-conaf-no-realizar-cobro-de-ingreso-al-paine-para-los-habitantes-de-ultima-esperanza\/","title":{"rendered":"ALCALDE DE NATALES SOLICITA A CONAF NO REALIZAR COBRO DE INGRESO  AL PAINE PARA LOS HABITANTES DE \u00daLTIMA ESPERANZA"},"content":{"rendered":"\n<p>En el marco de\nla pr\u00f3xima apertura gradual del Parque Nacional Torres del Paine, el alcalde de\nla comuna, Fernando Paredes Mansilla, envi\u00f3 un oficio a la Corporaci\u00f3n Nacional\nForestal para solicitar la exenci\u00f3n de pago para los habitantes de la provincia\nque visiten las Torres del Paine.<\/p>\n\n\n\n<p>El documento adem\u00e1s\nde solicitar este beneficio para los habitantes de la provincia, enfatiza que a\nfuturo se extienda esta posibilidad para los habitantes de las dem\u00e1s comunas de\nla region, siempre cuando las condiciones sanitarias lo permitan. <\/p>\n\n\n\n<p>El oficio fue\ndirigido al director regional de Conaf, Mauricio V\u00e9jar, desde donde se espera\nuna positiva respuesta para los residentes de la provincia.<\/p>\n\n\n\n<p>El jefe\ncomunal, se\u00f1al\u00f3 que \u201cel no pago del ingreso al parque es una forma de proteger\ny evitar el contacto entre las personas que suban al paine y los funcionarios\nde Conaf, limitando al m\u00e1ximo la interacci\u00f3n entre los visitantes y los\nguardaparques\u201d.<\/p>\n\n\n\n<p>Asimismo,\nFernando Paredes, subray\u00f3 que el turismo es una gran actividad productiva en\nPuerto Natales y recalc\u00f3 que esta apertura inicial permitir\u00e1 poner en pr\u00e1ctica\nlos protoclolos. \u201cCon esto podremos conocer c\u00f3mo se desarrolla este plan\npiloto, por lo mismo creemos que en esta primera parte nuestros vecinos de\nPuerto Natales, y tambi\u00e9n de la comuna de Torres del Paine deben quedar exentas\nde cualquier tipo de pago\u201d.<\/p>\n\n\n\n<p>Es importante\ndestacar que esta solicitud y la pr\u00f3xima apertura del parque es posible gracias\nal positivo comportamiento de los habitantes de la provincia de \u00daltima\nEsperanza, teniendo una tasa de contagios muy baja en comparaci\u00f3n con el resto\ndel pa\u00eds.<\/p>\n\n\n\n<p>Finalmente, el alcalde de Natales recalc\u00f3 que esta medida es solamente para la provincia de \u00daltima Esperanza, puesto que no ingresar\u00e1 nadie de Punta Arenas o del norte al Parque Nacional en esta primera etapa. <\/p>\n","protected":false},"excerpt":{"rendered":"<p>En el marco de la pr\u00f3xima apertura gradual del Parque Nacional Torres del Paine, el alcalde de la comuna, Fernando Paredes Mansilla, envi\u00f3 un oficio a la Corporaci\u00f3n Nacional Forestal&#8230; <a class=\"read-more\" href=\"https:\/\/www.radiopresidenteibanez.cl\/web\/alcalde-de-natales-solicita-a-conaf-no-realizar-cobro-de-ingreso-al-paine-para-los-habitantes-de-ultima-esperanza\/\">Leer m\u00e1s<\/a><\/p>\n","protected":false},"author":2,"featured_media":14306,"comment_status":"closed","ping_status":"closed","sticky":false,"template":"","format":"standard","meta":{"footnotes":""},"categories":[1],"tags":[],"class_list":["post-14305","post","type-post","status-publish","format-standard","has-post-thumbnail","hentry","category-cronica"],"_links":{"self":[{"href":"https:\/\/www.radiopresidenteibanez.cl\/web\/wp-json\/wp\/v2\/posts\/14305","targetHints":{"allow":["GET"]}}],"collection":[{"href":"https:\/\/www.radiopresidenteibanez.cl\/web\/wp-json\/wp\/v2\/posts"}],"about":[{"href":"https:\/\/www.radiopresidenteibanez.cl\/web\/wp-json\/wp\/v2\/types\/post"}],"author":[{"embeddable":true,"href":"https:\/\/www.radiopresidenteibanez.cl\/web\/wp-json\/wp\/v2\/users\/2"}],"replies":[{"embeddable":true,"href":"https:\/\/www.radiopresidenteibanez.cl\/web\/wp-json\/wp\/v2\/comments?post=14305"}],"version-history":[{"count":0,"href":"https:\/\/www.radiopresidenteibanez.cl\/web\/wp-json\/wp\/v2\/posts\/14305\/revisions"}],"wp:featuredmedia":[{"embeddable":true,"href":"https:\/\/www.radiopresidenteibanez.cl\/web\/wp-json\/wp\/v2\/media\/14306"}],"wp:attachment":[{"href":"https:\/\/www.radiopresidenteibanez.cl\/web\/wp-json\/wp\/v2\/media?parent=14305"}],"wp:term":[{"taxonomy":"category","embeddable":true,"href":"https:\/\/www.radiopresidenteibanez.cl\/web\/wp-json\/wp\/v2\/categories?post=14305"},{"taxonomy":"post_tag","embeddable":true,"href":"https:\/\/www.radiopresidenteibanez.cl\/web\/wp-json\/wp\/v2\/tags?post=14305"}],"curies":[{"name":"wp","href":"https:\/\/api.w.org\/{rel}","templated":true}]}}