{"id":14303,"date":"2020-08-23T15:37:55","date_gmt":"2020-08-23T15:37:55","guid":{"rendered":"https:\/\/www.radiopresidenteibanez.cl\/web\/?p=14303"},"modified":"2020-08-23T15:38:07","modified_gmt":"2020-08-23T15:38:07","slug":"pulso-sindical-diario-de-la-cgt-chile-5","status":"publish","type":"post","link":"https:\/\/www.radiopresidenteibanez.cl\/web\/pulso-sindical-diario-de-la-cgt-chile-5\/","title":{"rendered":"PULSO SINDICAL DIARIO DE LA CGT CHILE"},"content":{"rendered":"\n<p>1-. Que es un trabajador? Seg\u00fan definiciones universales se\ntrata de \u00abuna persona que realiza un trabajo a cambio de un salario, a\notra persona, una empresa o una instituci\u00f3n\u00bb.<\/p>\n\n\n\n<p>Las trabajadoras de casa particular cumplen claramente con\nesta definici\u00f3n, \u00bfporque entonces se les dictan normas especiales?<\/p>\n\n\n\n<p>Esto de las normas especiales lo podr\u00edamos entender en la\nminer\u00eda, el mar e incluso la locomoci\u00f3n, por la situaci\u00f3n especial en la que\ncumplen sus labores, pero cuesta entenderlo en las trabajadoras de casa particular,\nm\u00e1s a\u00fan cuando dichas normas especiales las minimizan y perjudican.<\/p>\n\n\n\n<p>En efecto, dentro de esas normas anacr\u00f3nicas est\u00e1 aquella\nque establece que las 2 primeras semanas se estimar\u00e1n como \u00abde\nprueba\u00bb y esa otra que permite acordar por escrito 15 horas semanales\nadicionales de trabajo \u00abentre las partes\u00bb aunque hasta el m\u00e1s lego\nsabe que no hay ninguna relaci\u00f3n entre partes. <\/p>\n\n\n\n<p>Aqu\u00ed y en todos los contratos de trabajo hay una parte que\nimpone y otra que se ve obligada a aceptar, pues si se niega corre el riesgo\ncierto de despido. <\/p>\n\n\n\n<p>No obstante una de las m\u00e1s antinaturales normas, es aquella\nque establece que si la trabajadora vive en la casa de su empleador, no estar\u00e1\nsujeta a horario y la jornada podr\u00eda ser hasta de 12 horas continuas.<\/p>\n\n\n\n<p>\u00bfQui\u00e9n controla y como lo hace, respecto de las labores de\nlas trabajadoras de casa particular?<\/p>\n\n\n\n<p>Si ya resulta excluyente el trato que reciben est\u00e1s\ntrabajadoras, la legislaci\u00f3n termina de discriminarlas al establecer la\nimposibilidad de estar afecta a una indemnizaci\u00f3n por a\u00f1os de servicio. Cierto\nes que el empleador hace un aporte mensual del 4,11% de la remuneraci\u00f3n, pero\nesto en ning\u00fan caso debi\u00f3 negarles el derecho a indemnizaci\u00f3n por a\u00f1os de\nservicio en caso de decisi\u00f3n del patr\u00f3n.<\/p>\n\n\n\n<p>Que a\u00fan no se resuelva su incorporaci\u00f3n al seguro de\ncesantia es una muestra m\u00e1s del desprecio que existe hacia este sector de\ntrabajadores. Tienen derecho a esto y todo lo que implica un contrato de\ntrabajo.<\/p>\n\n\n\n<p>2.- Y cuando hablamos de discriminaci\u00f3n no podemos sino\nfijar la atenci\u00f3n en otra discusi\u00f3n que se est\u00e1 dando, relativa en este caso a\nla prolongaci\u00f3n de la ley de suspensi\u00f3n del empleo y como esta choca con la\ndisponibilidad de recursos en el seguro de cesantia.<\/p>\n\n\n\n<p>Hemos planteado la demanda, respecto de este seguro, de que\nen caso de pandemia o catastrofes los trabajadores\/as puedan acceder al seguro\ny recibir de este el equivalente al 100% de su remuneraci\u00f3n mensual, siendo\nresponsabilidad del Estado la generaci\u00f3n de los fondos para cumplir est\u00e1\nobligaci\u00f3n.<\/p>\n\n\n\n<p>Ciertamente deben recibir este beneficio todos los\ntrabajadores sin distinci\u00f3n respecto de si el contrato es de plazo fijo, obra o\nfaena, indefinido o de casa particular.<\/p>\n\n\n\n<p>3.- Muchos son los que sostienen que est\u00e1s y otras demandas\nponen en riesgo la econom\u00eda y la estabilidad del pa\u00eds, pero nadie parece poner\nla atenci\u00f3n en el hecho de que todas las empresas, las reparticiones estatales,\ny el mundo en definitiva funciona y est\u00e1 en movimiento gracias a las y los\ntrabajadores.<\/p>\n\n\n\n<p>Lo que demandamos es justo y as\u00ed debemos tenerlo claro, para\nluchar sin pausas por lo que merecemos.<\/p>\n","protected":false},"excerpt":{"rendered":"<p>1-. Que es un trabajador? Seg\u00fan definiciones universales se trata de \u00abuna persona que realiza un trabajo a cambio de un salario, a otra persona, una empresa o una instituci\u00f3n\u00bb&#8230;. <a class=\"read-more\" href=\"https:\/\/www.radiopresidenteibanez.cl\/web\/pulso-sindical-diario-de-la-cgt-chile-5\/\">Leer m\u00e1s<\/a><\/p>\n","protected":false},"author":2,"featured_media":14161,"comment_status":"closed","ping_status":"closed","sticky":false,"template":"","format":"standard","meta":{"footnotes":""},"categories":[1],"tags":[],"class_list":["post-14303","post","type-post","status-publish","format-standard","has-post-thumbnail","hentry","category-cronica"],"_links":{"self":[{"href":"https:\/\/www.radiopresidenteibanez.cl\/web\/wp-json\/wp\/v2\/posts\/14303","targetHints":{"allow":["GET"]}}],"collection":[{"href":"https:\/\/www.radiopresidenteibanez.cl\/web\/wp-json\/wp\/v2\/posts"}],"about":[{"href":"https:\/\/www.radiopresidenteibanez.cl\/web\/wp-json\/wp\/v2\/types\/post"}],"author":[{"embeddable":true,"href":"https:\/\/www.radiopresidenteibanez.cl\/web\/wp-json\/wp\/v2\/users\/2"}],"replies":[{"embeddable":true,"href":"https:\/\/www.radiopresidenteibanez.cl\/web\/wp-json\/wp\/v2\/comments?post=14303"}],"version-history":[{"count":0,"href":"https:\/\/www.radiopresidenteibanez.cl\/web\/wp-json\/wp\/v2\/posts\/14303\/revisions"}],"wp:featuredmedia":[{"embeddable":true,"href":"https:\/\/www.radiopresidenteibanez.cl\/web\/wp-json\/wp\/v2\/media\/14161"}],"wp:attachment":[{"href":"https:\/\/www.radiopresidenteibanez.cl\/web\/wp-json\/wp\/v2\/media?parent=14303"}],"wp:term":[{"taxonomy":"category","embeddable":true,"href":"https:\/\/www.radiopresidenteibanez.cl\/web\/wp-json\/wp\/v2\/categories?post=14303"},{"taxonomy":"post_tag","embeddable":true,"href":"https:\/\/www.radiopresidenteibanez.cl\/web\/wp-json\/wp\/v2\/tags?post=14303"}],"curies":[{"name":"wp","href":"https:\/\/api.w.org\/{rel}","templated":true}]}}