{"id":1428,"date":"2019-02-14T18:46:49","date_gmt":"2019-02-14T18:46:49","guid":{"rendered":"http:\/\/www.radiopresidenteibanez.cl\/web\/?p=1428"},"modified":"2019-02-14T18:47:09","modified_gmt":"2019-02-14T18:47:09","slug":"francisca-rojas-actual-seremi-de-bienes-nacionales-quedara-como-seremi-de-agricultura-hasta-que-se-tenga-un-reemplazante-para-jose-fernandez-actual-intendente-de-magallanes","status":"publish","type":"post","link":"https:\/\/www.radiopresidenteibanez.cl\/web\/francisca-rojas-actual-seremi-de-bienes-nacionales-quedara-como-seremi-de-agricultura-hasta-que-se-tenga-un-reemplazante-para-jose-fernandez-actual-intendente-de-magallanes\/","title":{"rendered":"FRANCISCA ROJAS ACTUAL SEREMI DE BIENES NACIONALES QUEDAR\u00c1 COMO SEREMI DE AGRICULTURA HASTA QUE SE TENGA UN REEMPLAZANTE PARA JOS\u00c9 FERN\u00c1NDEZ ACTUAL INTENDENTE DE MAGALLANES"},"content":{"rendered":"\n<p>En visita a nuestro medio la\nactual Seremi de Bienes Nacionales en Magallanes, Francisca Rojas, nos coment\u00f3\nque asumi\u00f3 la subrogancia de la seremi de Agricultura, puesto que quedar\u00e1\ndesocupada luego de que Jos\u00e9 Fern\u00e1ndez Dubrock, asumiera como nuevo Intendente\nde Magallanes.<\/p>\n\n\n\n<p>\u201casum\u00ed el cargo hasta que se\nnombre al o la nueva seremi de Agricultura, as\u00ed que quiero aprovechar de\nagradecer la confianza que tienen hacia mi persona\u201d, puntualiz\u00f3 Francisca Rojas.<\/p>\n\n\n\n<p>As\u00ed tambi\u00e9n Rojas, nos coment\u00f3\nque se encuentra como Seremi subrogante de Justicia, donde Fabi\u00e1n Mella se\nencuentra con vacaciones. <\/p>\n\n\n\n<p>Cabe mencionar que, en el\nGobierno anterior encabezado por Michelle Bachelet, Magallanes cont\u00f3 con un \u201cbi-seremi\u201d,\nquien fue Christian Garc\u00eda, quien asumi\u00f3 Hacienda y Econom\u00eda.<\/p>\n","protected":false},"excerpt":{"rendered":"<p>En visita a nuestro medio la actual Seremi de Bienes Nacionales en Magallanes, Francisca Rojas, nos coment\u00f3 que asumi\u00f3 la subrogancia de la seremi de Agricultura, puesto que quedar\u00e1 desocupada&#8230; <a class=\"read-more\" href=\"https:\/\/www.radiopresidenteibanez.cl\/web\/francisca-rojas-actual-seremi-de-bienes-nacionales-quedara-como-seremi-de-agricultura-hasta-que-se-tenga-un-reemplazante-para-jose-fernandez-actual-intendente-de-magallanes\/\">Leer m\u00e1s<\/a><\/p>\n","protected":false},"author":2,"featured_media":1429,"comment_status":"closed","ping_status":"closed","sticky":false,"template":"","format":"standard","meta":{"footnotes":""},"categories":[5],"tags":[],"class_list":["post-1428","post","type-post","status-publish","format-standard","has-post-thumbnail","hentry","category-politica"],"_links":{"self":[{"href":"https:\/\/www.radiopresidenteibanez.cl\/web\/wp-json\/wp\/v2\/posts\/1428","targetHints":{"allow":["GET"]}}],"collection":[{"href":"https:\/\/www.radiopresidenteibanez.cl\/web\/wp-json\/wp\/v2\/posts"}],"about":[{"href":"https:\/\/www.radiopresidenteibanez.cl\/web\/wp-json\/wp\/v2\/types\/post"}],"author":[{"embeddable":true,"href":"https:\/\/www.radiopresidenteibanez.cl\/web\/wp-json\/wp\/v2\/users\/2"}],"replies":[{"embeddable":true,"href":"https:\/\/www.radiopresidenteibanez.cl\/web\/wp-json\/wp\/v2\/comments?post=1428"}],"version-history":[{"count":0,"href":"https:\/\/www.radiopresidenteibanez.cl\/web\/wp-json\/wp\/v2\/posts\/1428\/revisions"}],"wp:featuredmedia":[{"embeddable":true,"href":"https:\/\/www.radiopresidenteibanez.cl\/web\/wp-json\/wp\/v2\/media\/1429"}],"wp:attachment":[{"href":"https:\/\/www.radiopresidenteibanez.cl\/web\/wp-json\/wp\/v2\/media?parent=1428"}],"wp:term":[{"taxonomy":"category","embeddable":true,"href":"https:\/\/www.radiopresidenteibanez.cl\/web\/wp-json\/wp\/v2\/categories?post=1428"},{"taxonomy":"post_tag","embeddable":true,"href":"https:\/\/www.radiopresidenteibanez.cl\/web\/wp-json\/wp\/v2\/tags?post=1428"}],"curies":[{"name":"wp","href":"https:\/\/api.w.org\/{rel}","templated":true}]}}