{"id":14270,"date":"2020-08-21T14:02:16","date_gmt":"2020-08-21T14:02:16","guid":{"rendered":"https:\/\/www.radiopresidenteibanez.cl\/web\/?p=14270"},"modified":"2020-08-21T14:02:20","modified_gmt":"2020-08-21T14:02:20","slug":"jesus-nazareno-junto-a-tu-evangelio-hacemos-iglesias-domesticas-en-los-hogares-de-magallanes","status":"publish","type":"post","link":"https:\/\/www.radiopresidenteibanez.cl\/web\/jesus-nazareno-junto-a-tu-evangelio-hacemos-iglesias-domesticas-en-los-hogares-de-magallanes\/","title":{"rendered":"JES\u00daS NAZARENO: JUNTO A TU EVANGELIO,  HACEMOS IGLESIAS DOM\u00c9STICAS  EN LOS HOGARES DE MAGALLANES"},"content":{"rendered":"\n<p>No\nes novedad que este es un a\u00f1o que no olvidaremos, en donde la distancia y el\nestar en las casas, se han vuelto lo \u00fanicos espacios seguros, para poder volvernos\na encontrar.<\/p>\n\n\n\n<p>Es\npor esto, que la comunidad del <strong>Santuario\nde Jes\u00fas Nazareno<\/strong>, respetuosa de las normas sanitarias, ha realizado desde\nmarzo, sus actividades a trav\u00e9s de su p\u00e1gina de facebook, para mantener la\ncomunicaci\u00f3n con los y las integrantes de la comunidad, y alentar los espacios\nde oraci\u00f3n dentro de cada uno de los hogares de quienes siguen la devoci\u00f3n al\nCristo del h\u00e1bito morado.<\/p>\n\n\n\n<p>El\nConsejo de la comunidad, ha decidido realizar la novena y festividad de este\na\u00f1o, de manera virtual. <\/p>\n\n\n\n<p>Las\nnueve noches han sido preparadas por peque\u00f1os grupos de hermanos y hermanas y\nser\u00e1n emitidas por medio de nuestras plataformas propias y de \u201cIglesia de\nMagallanes\u201d.<\/p>\n\n\n\n<p>La\nnovena se inicia <strong>ma\u00f1ana viernes 21 de\nagosto y finaliza el d\u00eda s\u00e1bado 29 de este mismo mes, a las 20:00hrs.<\/strong><\/p>\n\n\n\n<p>La\nprocesi\u00f3n anual, l\u00f3gicamente ha tenido que ser suspendida y s\u00f3lo se realizar\u00e1\nla <strong>Eucarist\u00eda<\/strong> presidida por el\nObispo Diocesano, Monse\u00f1or Bernardo Bastres F., <strong>sin la presencia de fieles<\/strong>, como la celebraci\u00f3n principal de la\ndi\u00f3cesis el d\u00eda <strong>domingo 30 de agosto, a\nlas 12:00hrs.<\/strong>, transmitida por la p\u00e1ginas de facebook \u201cIglesia de\nMagallanes\u201d y \u201cSantuario Jes\u00fas Nazareno\u201d.<\/p>\n\n\n\n<p>Agradecemos\ndesde ya, la gentileza de Radio Polar, en transmitir entre 20:00 y 20:30hrs. la\nprimera parte de todas las noches de la novena e invitamos a todos los medios\nde comunicaci\u00f3n que quieran hacer notas, entrevistas o sumarse a la\ntransmisi\u00f3n, a poder hacerlo libremente y contactar al encargado del equipo de\nComunicaciones del Santuario por esa v\u00eda o de forma telef\u00f3nica.<\/p>\n\n\n\n<p>Desde\nya, agradecidos por su difusi\u00f3n y ayuda.<strong><\/strong><\/p>\n\n\n\n<p><strong>PUNTA ARENAS<\/strong>, 20 de agosto de 2020.<\/p>\n\n\n\n<figure class=\"wp-block-image size-large\"><img loading=\"lazy\" decoding=\"async\" width=\"731\" height=\"1024\" src=\"https:\/\/www.radiopresidenteibanez.cl\/web\/wp-content\/uploads\/2020\/08\/Afiche-Nazareno-2020-corregido-731x1024.jpeg\" alt=\"\" class=\"wp-image-14272\" srcset=\"https:\/\/www.radiopresidenteibanez.cl\/web\/wp-content\/uploads\/2020\/08\/Afiche-Nazareno-2020-corregido-731x1024.jpeg 731w, https:\/\/www.radiopresidenteibanez.cl\/web\/wp-content\/uploads\/2020\/08\/Afiche-Nazareno-2020-corregido-214x300.jpeg 214w, https:\/\/www.radiopresidenteibanez.cl\/web\/wp-content\/uploads\/2020\/08\/Afiche-Nazareno-2020-corregido-768x1076.jpeg 768w, https:\/\/www.radiopresidenteibanez.cl\/web\/wp-content\/uploads\/2020\/08\/Afiche-Nazareno-2020-corregido.jpeg 914w\" sizes=\"auto, (max-width: 731px) 100vw, 731px\" \/><\/figure>\n","protected":false},"excerpt":{"rendered":"<p>No es novedad que este es un a\u00f1o que no olvidaremos, en donde la distancia y el estar en las casas, se han vuelto lo \u00fanicos espacios seguros, para poder&#8230; <a class=\"read-more\" href=\"https:\/\/www.radiopresidenteibanez.cl\/web\/jesus-nazareno-junto-a-tu-evangelio-hacemos-iglesias-domesticas-en-los-hogares-de-magallanes\/\">Leer m\u00e1s<\/a><\/p>\n","protected":false},"author":2,"featured_media":14271,"comment_status":"closed","ping_status":"closed","sticky":false,"template":"","format":"standard","meta":{"footnotes":""},"categories":[1],"tags":[],"class_list":["post-14270","post","type-post","status-publish","format-standard","has-post-thumbnail","hentry","category-cronica"],"_links":{"self":[{"href":"https:\/\/www.radiopresidenteibanez.cl\/web\/wp-json\/wp\/v2\/posts\/14270","targetHints":{"allow":["GET"]}}],"collection":[{"href":"https:\/\/www.radiopresidenteibanez.cl\/web\/wp-json\/wp\/v2\/posts"}],"about":[{"href":"https:\/\/www.radiopresidenteibanez.cl\/web\/wp-json\/wp\/v2\/types\/post"}],"author":[{"embeddable":true,"href":"https:\/\/www.radiopresidenteibanez.cl\/web\/wp-json\/wp\/v2\/users\/2"}],"replies":[{"embeddable":true,"href":"https:\/\/www.radiopresidenteibanez.cl\/web\/wp-json\/wp\/v2\/comments?post=14270"}],"version-history":[{"count":0,"href":"https:\/\/www.radiopresidenteibanez.cl\/web\/wp-json\/wp\/v2\/posts\/14270\/revisions"}],"wp:featuredmedia":[{"embeddable":true,"href":"https:\/\/www.radiopresidenteibanez.cl\/web\/wp-json\/wp\/v2\/media\/14271"}],"wp:attachment":[{"href":"https:\/\/www.radiopresidenteibanez.cl\/web\/wp-json\/wp\/v2\/media?parent=14270"}],"wp:term":[{"taxonomy":"category","embeddable":true,"href":"https:\/\/www.radiopresidenteibanez.cl\/web\/wp-json\/wp\/v2\/categories?post=14270"},{"taxonomy":"post_tag","embeddable":true,"href":"https:\/\/www.radiopresidenteibanez.cl\/web\/wp-json\/wp\/v2\/tags?post=14270"}],"curies":[{"name":"wp","href":"https:\/\/api.w.org\/{rel}","templated":true}]}}