{"id":14267,"date":"2020-08-20T16:46:31","date_gmt":"2020-08-20T16:46:31","guid":{"rendered":"https:\/\/www.radiopresidenteibanez.cl\/web\/?p=14267"},"modified":"2020-08-20T16:46:35","modified_gmt":"2020-08-20T16:46:35","slug":"para-este-viernes-quedo-programada-la-visita-de-sebastian-pinera-a-magallanes","status":"publish","type":"post","link":"https:\/\/www.radiopresidenteibanez.cl\/web\/para-este-viernes-quedo-programada-la-visita-de-sebastian-pinera-a-magallanes\/","title":{"rendered":"PARA ESTE VIERNES QUED\u00d3 PROGRAMADA LA VISITA DE SEBASTI\u00c1N PI\u00d1ERA A MAGALLANES"},"content":{"rendered":"\n<p>Pese que\na\u00fan no se conoce la agenda del mandatario en su totalidad se han programado\nalgunas actividades que mantendr\u00e1 durante la jornada de este viernes, 21 de\nagosto, entre ellos una reuni\u00f3n junto al Gabinete Regional y el reporte Covid-19\nque por segunda vez se dar\u00e1 desde la regi\u00f3n de Magallanes y Ant\u00e1rtica Chilena.<\/p>\n\n\n\n<p>Lo anterior,\nse dar\u00eda junto al ministro de Salud, Enrique Paris e incluso el subsecretario\nde Redes Asistenciales, Arturo Z\u00fa\u00f1iga.<\/p>\n\n\n\n<p>As\u00ed tambi\u00e9n,\nel mandatario tendr\u00eda reuniones con el Intendente Jos\u00e9 Fern\u00e1ndez y el alcalde Claudio\nRadonich, ambos en privado, para culminar su visita con la inauguraci\u00f3n de una\nresidencia sanitaria, y la firma del Estatuto Ant\u00e1rtico, junto al ministro de\nCiencias, Tecnolog\u00eda, Conocimiento e Innovaci\u00f3n de Chile.<\/p>\n\n\n\n<p>Finalmente, el ministro de Salud, visitar\u00eda las dependencias del Hospital Cl\u00ednico de Magallanes, donde ver\u00eda in situ la situaci\u00f3n que vive la zona ante el Covid-19. <\/p>\n\n\n\n<p><\/p>\n\n\n\n<p>CHH.<\/p>\n","protected":false},"excerpt":{"rendered":"<p>Pese que a\u00fan no se conoce la agenda del mandatario en su totalidad se han programado algunas actividades que mantendr\u00e1 durante la jornada de este viernes, 21 de agosto, entre&#8230; <a class=\"read-more\" href=\"https:\/\/www.radiopresidenteibanez.cl\/web\/para-este-viernes-quedo-programada-la-visita-de-sebastian-pinera-a-magallanes\/\">Leer m\u00e1s<\/a><\/p>\n","protected":false},"author":2,"featured_media":385,"comment_status":"closed","ping_status":"closed","sticky":false,"template":"","format":"standard","meta":{"footnotes":""},"categories":[1],"tags":[],"class_list":["post-14267","post","type-post","status-publish","format-standard","has-post-thumbnail","hentry","category-cronica"],"_links":{"self":[{"href":"https:\/\/www.radiopresidenteibanez.cl\/web\/wp-json\/wp\/v2\/posts\/14267","targetHints":{"allow":["GET"]}}],"collection":[{"href":"https:\/\/www.radiopresidenteibanez.cl\/web\/wp-json\/wp\/v2\/posts"}],"about":[{"href":"https:\/\/www.radiopresidenteibanez.cl\/web\/wp-json\/wp\/v2\/types\/post"}],"author":[{"embeddable":true,"href":"https:\/\/www.radiopresidenteibanez.cl\/web\/wp-json\/wp\/v2\/users\/2"}],"replies":[{"embeddable":true,"href":"https:\/\/www.radiopresidenteibanez.cl\/web\/wp-json\/wp\/v2\/comments?post=14267"}],"version-history":[{"count":0,"href":"https:\/\/www.radiopresidenteibanez.cl\/web\/wp-json\/wp\/v2\/posts\/14267\/revisions"}],"wp:featuredmedia":[{"embeddable":true,"href":"https:\/\/www.radiopresidenteibanez.cl\/web\/wp-json\/wp\/v2\/media\/385"}],"wp:attachment":[{"href":"https:\/\/www.radiopresidenteibanez.cl\/web\/wp-json\/wp\/v2\/media?parent=14267"}],"wp:term":[{"taxonomy":"category","embeddable":true,"href":"https:\/\/www.radiopresidenteibanez.cl\/web\/wp-json\/wp\/v2\/categories?post=14267"},{"taxonomy":"post_tag","embeddable":true,"href":"https:\/\/www.radiopresidenteibanez.cl\/web\/wp-json\/wp\/v2\/tags?post=14267"}],"curies":[{"name":"wp","href":"https:\/\/api.w.org\/{rel}","templated":true}]}}