{"id":14264,"date":"2020-08-20T16:17:35","date_gmt":"2020-08-20T16:17:35","guid":{"rendered":"https:\/\/www.radiopresidenteibanez.cl\/web\/?p=14264"},"modified":"2020-08-20T16:17:39","modified_gmt":"2020-08-20T16:17:39","slug":"la-sustentabilidad-como-respuesta-a-la-pronta-reactivacion-turistica-tres-nuevas-empresas-regionales-obtienen-el-sello-s-de-sernatur","status":"publish","type":"post","link":"https:\/\/www.radiopresidenteibanez.cl\/web\/la-sustentabilidad-como-respuesta-a-la-pronta-reactivacion-turistica-tres-nuevas-empresas-regionales-obtienen-el-sello-s-de-sernatur\/","title":{"rendered":"LA SUSTENTABILIDAD COMO RESPUESTA A LA PRONTA REACTIVACI\u00d3N TUR\u00cdSTICA: TRES NUEVAS EMPRESAS REGIONALES OBTIENEN EL SELLO S DE SERNATUR"},"content":{"rendered":"\n<p>Esta\ndistinci\u00f3n acredita que los servicios tur\u00edsticos han implementado pr\u00e1cticas\nsustentables en sus negocios. En la actualidad, m\u00e1s de 160 empresas nacionales\ncuentan con el Sello S.<\/p>\n\n\n\n<p>Nuevas\nempresas de turismo siguen apostando fuerte por la sustentabilidad como factor\nclave para las futuras fases de reactivaci\u00f3n del sector. Luego de la \u00faltima\nsesi\u00f3n de Mesa Nacional de Sustentabilidad, tres empresas de la Regi\u00f3n de\nMagallanes y la Ant\u00e1rtica Chilena obtuvieron el Sello S.<\/p>\n\n\n\n<p>El\nSubsecretario de Turismo, Jos\u00e9 Luis Uriarte, se\u00f1al\u00f3 que \u201ces innegable que el\nturismo ha sido fuertemente impactado por la pandemia, pero tambi\u00e9n sabemos que\ndebido a su transversalidad econ\u00f3mica este sector tiene un enorme potencial\npara ser un importante motor de la reactivaci\u00f3n social y econ\u00f3mica de nuestro\npa\u00eds. Que m\u00e1s empresas introduzcan pr\u00e1cticas sustentables en sus procesos hace\nque enfrentemos mejor preparados esta tarea que tenemos por delante\u201d.<\/p>\n\n\n\n<p>En\nMagallanes tres operadores tur\u00edsticos obtuvieron el sello S, Southcamp, Waia Glaciar\nExpeditions y Extremo Chile, que alcanzaron el nivel 1 de esta distinci\u00f3n. En\ntotal, hoy nuestro pa\u00eds cuenta con una oferta de 169 empresas que encuentran en\nla sustentabilidad un elemento diferenciador para sus negocios y que entregan\nde los m\u00e1s variados servicios en el \u00e1mbito tur\u00edstico, como alojamiento,\noperadores tur\u00edsticos y agencias de viaje.<\/p>\n\n\n\n<p>Por\nsu parte la Directora Regional de Sernatur, Ximena Castro indic\u00f3 \u201cQueremos\nfelicitar a Southcamp, Waia Glaciar Expeditions y a Chile Extremo por la\nobtenci\u00f3n del Sello de Sustentabilidad Tur\u00edstico S, lo cual sin duda es una\nexcelente noticia para nuestro destino, nos permitir\u00e1 enfrentar de mejor manera\nlos desaf\u00edos que tenemos como sector en estos tiempos de pandemia, donde los\nnuevos viajeros privilegiar\u00e1n destinos y servicios comprometidos con pr\u00e1cticas\nsustentables, invito a otros operadores tur\u00edsticos de nuestra regi\u00f3n a\nprepararse para la reactivaci\u00f3n, la que esperamos que lo m\u00e1s pronto posible.\nHemos trabajando permanentemente con gremios, municipios y operadores de toda\nnuestra regi\u00f3n para planificar y coordinar de manera conjunta y estrategia esa\nreactivaci\u00f3n que esperamos con tantas ansias\u201d.<\/p>\n\n\n\n<p>Andrea\nWolleter, Directora Nacional de Sernatur indic\u00f3 \u201cEl compromiso con la\nsustentabilidad ser\u00e1 un elemento importante a la hora de dar respuestas a las\nnecesidades de los nuevos turistas. La pandemia que hoy nos afecta establecer\u00e1\nun antes y un despu\u00e9s para la industria tur\u00edstica mundial, modificando los\ncomportamientos y las decisiones de las personas. Lo que aporta el Sello S va\nen esa direcci\u00f3n, es una oportunidad de diferenciaci\u00f3n entre las empresas de\nturismo\u201d. <\/p>\n\n\n\n<p>La\nMesa Nacional de Sustentabilidad est\u00e1 integrada por la Subsecretar\u00eda de\nTurismo, Sernatur, los ministerios de Medio Ambiente y de Cultura, Corfo,\nIndap, ASCC, Fedetur, Achet, Hoteleros de Chile, Chilesertur y Societur. El Sello\nde Sustentabilidad, conocido como Sello S, se entrega desde 2013 con el fin de\nreconocer a las empresas que implementan pr\u00e1cticas alineadas con los criterios\nmundiales de sustentabilidad tur\u00edstica. &nbsp;&nbsp;&nbsp;<\/p>\n","protected":false},"excerpt":{"rendered":"<p>Esta distinci\u00f3n acredita que los servicios tur\u00edsticos han implementado pr\u00e1cticas sustentables en sus negocios. En la actualidad, m\u00e1s de 160 empresas nacionales cuentan con el Sello S. Nuevas empresas de&#8230; <a class=\"read-more\" href=\"https:\/\/www.radiopresidenteibanez.cl\/web\/la-sustentabilidad-como-respuesta-a-la-pronta-reactivacion-turistica-tres-nuevas-empresas-regionales-obtienen-el-sello-s-de-sernatur\/\">Leer m\u00e1s<\/a><\/p>\n","protected":false},"author":2,"featured_media":10946,"comment_status":"closed","ping_status":"closed","sticky":false,"template":"","format":"standard","meta":{"footnotes":""},"categories":[1],"tags":[],"class_list":["post-14264","post","type-post","status-publish","format-standard","has-post-thumbnail","hentry","category-cronica"],"_links":{"self":[{"href":"https:\/\/www.radiopresidenteibanez.cl\/web\/wp-json\/wp\/v2\/posts\/14264","targetHints":{"allow":["GET"]}}],"collection":[{"href":"https:\/\/www.radiopresidenteibanez.cl\/web\/wp-json\/wp\/v2\/posts"}],"about":[{"href":"https:\/\/www.radiopresidenteibanez.cl\/web\/wp-json\/wp\/v2\/types\/post"}],"author":[{"embeddable":true,"href":"https:\/\/www.radiopresidenteibanez.cl\/web\/wp-json\/wp\/v2\/users\/2"}],"replies":[{"embeddable":true,"href":"https:\/\/www.radiopresidenteibanez.cl\/web\/wp-json\/wp\/v2\/comments?post=14264"}],"version-history":[{"count":0,"href":"https:\/\/www.radiopresidenteibanez.cl\/web\/wp-json\/wp\/v2\/posts\/14264\/revisions"}],"wp:featuredmedia":[{"embeddable":true,"href":"https:\/\/www.radiopresidenteibanez.cl\/web\/wp-json\/wp\/v2\/media\/10946"}],"wp:attachment":[{"href":"https:\/\/www.radiopresidenteibanez.cl\/web\/wp-json\/wp\/v2\/media?parent=14264"}],"wp:term":[{"taxonomy":"category","embeddable":true,"href":"https:\/\/www.radiopresidenteibanez.cl\/web\/wp-json\/wp\/v2\/categories?post=14264"},{"taxonomy":"post_tag","embeddable":true,"href":"https:\/\/www.radiopresidenteibanez.cl\/web\/wp-json\/wp\/v2\/tags?post=14264"}],"curies":[{"name":"wp","href":"https:\/\/api.w.org\/{rel}","templated":true}]}}