{"id":14251,"date":"2020-08-20T16:00:42","date_gmt":"2020-08-20T16:00:42","guid":{"rendered":"https:\/\/www.radiopresidenteibanez.cl\/web\/?p=14251"},"modified":"2020-08-20T16:00:46","modified_gmt":"2020-08-20T16:00:46","slug":"senador-bianchi-presento-proyecto-que-establece-amplio-y-pleno-derecho-de-propiedad-de-los-afiliados-al-sistema-de-afp-sobre-sus-ahorros-previsionales","status":"publish","type":"post","link":"https:\/\/www.radiopresidenteibanez.cl\/web\/senador-bianchi-presento-proyecto-que-establece-amplio-y-pleno-derecho-de-propiedad-de-los-afiliados-al-sistema-de-afp-sobre-sus-ahorros-previsionales\/","title":{"rendered":"SENADOR BIANCHI PRESENT\u00d3 PROYECTO QUE ESTABLECE AMPLIO Y PLENO DERECHO DE PROPIEDAD DE LOS AFILIADOS AL SISTEMA DE AFP SOBRE SUS AHORROS PREVISIONALES"},"content":{"rendered":"\n<p>Se ingres\u00f3 a tramitaci\u00f3n un\nproyecto de reforma a la Constituci\u00f3n con la que el senador de Magallanes,\nCarlos Bianchi, busca establecer en la carta fundamental el <strong>amplio y pleno derecho de propiedad de los\nafiliados al sistema de capitalizaci\u00f3n individual sobre sus ahorros\nprevisionales.<\/strong><\/p>\n\n\n\n<p>Al respecto la moci\u00f3n fundamenta\nque con fecha 30 de julio de 2020, se public\u00f3 en el Diario Oficia la Ley N\u00ba\n21.248 sobre&nbsp;<em><strong>\u201c<\/strong>Reforma constitucional que permite el retiro\nexcepcional de los fondos acumulados de capitalizaci\u00f3n individual en las\ncondiciones que indica\u201d. Conocida tambi\u00e9n como el de retiro del 10%.<\/em><\/p>\n\n\n\n<p>Dicha reforma constitucional tuvo\ncomo uno de sus principales sustentos jur\u00eddicos el concepto de \u201cderecho de\npropiedad\u201d de los afiliados al sistema de pensiones regulado en el Decreto Ley\n3.500, sobre sus ahorros previsionales que se encuentran en las respectivas\ncuentas de capitalizaci\u00f3n individual<\/p>\n\n\n\n<p>Bianchi explic\u00f3 que \u201cEl an\u00e1lisis de las diversas normas\nreferidas nos hace concluir con certeza que el sistema de pensiones al cual\npertenecen la mayor parte de los trabajadores de nuestro pa\u00eds, es claro en\nestablecer un claro principio de propiedad individual de cada trabajador sobre\nsus ahorros previsionales.\u201d<\/p>\n\n\n\n<p>El legislador a\u00f1adi\u00f3 que \u201cNo ha\ndejado de sorprender a muchos chilenos que desconoc\u00edan de que eran propietarios\nde ahorros en muchos casos no menores, pero tambi\u00e9n ha dejado claro que las\nAdministradoras de fondos de pensiones son meras \u201cadministradoras\u201d de dineros\nque pertenecen a los trabajadores del pa\u00eds.\u201d<\/p>\n\n\n\n<p>Respecto a este derecho de propiedad\nque posee cada afiliado, es necesario reforzar dicho principio con una norma de\ncar\u00e1cter constitucional que establezca con claridad y firmeza este derecho. As\u00ed\npor ejemplo se han producido cambios que han eliminado la responsabilidad\nm\u00ednima garantizada que deb\u00edan dar las AFPS a los fondos, la existencia de un\nencaje o reserva lo suficientemente grande para que las AFPS respondan por su\nadministraci\u00f3n, as\u00ed como tambi\u00e9n la necesaria discusi\u00f3n sobre la legitimidad de\nlas utilidades que obtienen las AFPS en base a recursos ajenos.<\/p>\n\n\n\n<p>Por lo anterior el proyecto de\nreforma constitucional propone incorporar un nuevo inciso al art\u00edculo 19 n\u00famero\n18 de la Constituci\u00f3n Pol\u00edtica que consagra el derecho a la seguridad social\nque se\u00f1ale claramente un mandato legal del siguiente tenor \u201cLa ley garantizara\nel m\u00e1s pleno y amplio derecho de propiedad de sus ahorros previsionales a los\nafiliados a un sistema de capitalizaci\u00f3n individual\u201d<\/p>\n\n\n\n<p>Bianchi puntualiz\u00f3\nque \u201cCreemos que dicho principio sin duda que significar\u00e1 un fortalecimiento de\nla actual posici\u00f3n que poseen los afiliados frente a las AFPS, puesto que se deber\u00e1\nsiempre velar por proteger que este derecho de propiedad de los afiliados y con\neste principio el legislador se encontrar\u00e1 facultado para dictar una ley que\npermita el uso de los ahorros previsionales por parte del afiliado para casos\nque no sean solo la vejez o la invalidez, como puede ser el caso de una\nenfermedad grave o una crisis sanitaria y econ\u00f3mica como la que hoy vivimos,\nentre otras coyunturas.<\/p>\n\n\n\n<p>La moci\u00f3n de\niniciativa del senador Carlos Bianchi, fue firmada adem\u00e1s por las senadoras\nYasna Provoste, Ximena Rinc\u00f3n y los senadores Pedro Araya y Francisco\nHuenchumilla. Ahora corresponder\u00e1 su an\u00e1lisis a la Comisi\u00f3n de Constituci\u00f3n del\nsenado.<\/p>\n","protected":false},"excerpt":{"rendered":"<p>Se ingres\u00f3 a tramitaci\u00f3n un proyecto de reforma a la Constituci\u00f3n con la que el senador de Magallanes, Carlos Bianchi, busca establecer en la carta fundamental el amplio y pleno&#8230; <a class=\"read-more\" href=\"https:\/\/www.radiopresidenteibanez.cl\/web\/senador-bianchi-presento-proyecto-que-establece-amplio-y-pleno-derecho-de-propiedad-de-los-afiliados-al-sistema-de-afp-sobre-sus-ahorros-previsionales\/\">Leer m\u00e1s<\/a><\/p>\n","protected":false},"author":2,"featured_media":1915,"comment_status":"closed","ping_status":"closed","sticky":false,"template":"","format":"standard","meta":{"footnotes":""},"categories":[1],"tags":[],"class_list":["post-14251","post","type-post","status-publish","format-standard","has-post-thumbnail","hentry","category-cronica"],"_links":{"self":[{"href":"https:\/\/www.radiopresidenteibanez.cl\/web\/wp-json\/wp\/v2\/posts\/14251","targetHints":{"allow":["GET"]}}],"collection":[{"href":"https:\/\/www.radiopresidenteibanez.cl\/web\/wp-json\/wp\/v2\/posts"}],"about":[{"href":"https:\/\/www.radiopresidenteibanez.cl\/web\/wp-json\/wp\/v2\/types\/post"}],"author":[{"embeddable":true,"href":"https:\/\/www.radiopresidenteibanez.cl\/web\/wp-json\/wp\/v2\/users\/2"}],"replies":[{"embeddable":true,"href":"https:\/\/www.radiopresidenteibanez.cl\/web\/wp-json\/wp\/v2\/comments?post=14251"}],"version-history":[{"count":0,"href":"https:\/\/www.radiopresidenteibanez.cl\/web\/wp-json\/wp\/v2\/posts\/14251\/revisions"}],"wp:featuredmedia":[{"embeddable":true,"href":"https:\/\/www.radiopresidenteibanez.cl\/web\/wp-json\/wp\/v2\/media\/1915"}],"wp:attachment":[{"href":"https:\/\/www.radiopresidenteibanez.cl\/web\/wp-json\/wp\/v2\/media?parent=14251"}],"wp:term":[{"taxonomy":"category","embeddable":true,"href":"https:\/\/www.radiopresidenteibanez.cl\/web\/wp-json\/wp\/v2\/categories?post=14251"},{"taxonomy":"post_tag","embeddable":true,"href":"https:\/\/www.radiopresidenteibanez.cl\/web\/wp-json\/wp\/v2\/tags?post=14251"}],"curies":[{"name":"wp","href":"https:\/\/api.w.org\/{rel}","templated":true}]}}