{"id":14244,"date":"2020-08-20T15:52:00","date_gmt":"2020-08-20T15:52:00","guid":{"rendered":"https:\/\/www.radiopresidenteibanez.cl\/web\/?p=14244"},"modified":"2020-08-20T15:52:04","modified_gmt":"2020-08-20T15:52:04","slug":"consejo-regional-de-periodistas-se-refiere-al-hecho-donde-mariela-rojas-manifiesta-que-no-desea-entregar-entrevista-a-un-periodista","status":"publish","type":"post","link":"https:\/\/www.radiopresidenteibanez.cl\/web\/consejo-regional-de-periodistas-se-refiere-al-hecho-donde-mariela-rojas-manifiesta-que-no-desea-entregar-entrevista-a-un-periodista\/","title":{"rendered":"CONSEJO REGIONAL DE PERIODISTAS SE REFIERE AL HECHO DONDE MARIELA ROJAS MANIFIESTA QUE NO DESEA ENTREGAR ENTREVISTA A UN PERIODISTA"},"content":{"rendered":"\n<p>El Consejo Regional del Colegio de Periodistas ha\ntomado conocimiento de la declaraci\u00f3n de la secretaria regional ministerial de\nSalud, se\u00f1ora Mariela Rojas, en la que expres\u00f3 que cree tener el derecho a\nseleccionar a que periodistas o medios le entrega declaraciones sobre su\nquehacer.<\/p>\n\n\n\n<p>El Colegio estima que tales expresiones no\ncorresponden a un servidor p\u00fablico, cuya obligaci\u00f3n es responder los\nrequerimientos de periodistas que, en \u00faltimo t\u00e9rmino la van a comunicar con la\nopini\u00f3n p\u00fablica y constituyen&nbsp; una\ndiscriminaci\u00f3n y una conculcaci\u00f3n a la libertad de informaci\u00f3n.<\/p>\n\n\n\n<p>El Consejo estima indispensable recordar a la funcionaria p\u00fablica su deber con los medios, pero al mismo tiempo insta a quienes ejercen el oficio de comunicadores, sean miembros o no de esta Orden,\u00a0 a actuar conforme a las normas de \u00e9tica que exigen el desarrollo de estas funciones.<\/p>\n","protected":false},"excerpt":{"rendered":"<p>El Consejo Regional del Colegio de Periodistas ha tomado conocimiento de la declaraci\u00f3n de la secretaria regional ministerial de Salud, se\u00f1ora Mariela Rojas, en la que expres\u00f3 que cree tener&#8230; <a class=\"read-more\" href=\"https:\/\/www.radiopresidenteibanez.cl\/web\/consejo-regional-de-periodistas-se-refiere-al-hecho-donde-mariela-rojas-manifiesta-que-no-desea-entregar-entrevista-a-un-periodista\/\">Leer m\u00e1s<\/a><\/p>\n","protected":false},"author":2,"featured_media":14194,"comment_status":"closed","ping_status":"closed","sticky":false,"template":"","format":"standard","meta":{"footnotes":""},"categories":[1],"tags":[],"class_list":["post-14244","post","type-post","status-publish","format-standard","has-post-thumbnail","hentry","category-cronica"],"_links":{"self":[{"href":"https:\/\/www.radiopresidenteibanez.cl\/web\/wp-json\/wp\/v2\/posts\/14244","targetHints":{"allow":["GET"]}}],"collection":[{"href":"https:\/\/www.radiopresidenteibanez.cl\/web\/wp-json\/wp\/v2\/posts"}],"about":[{"href":"https:\/\/www.radiopresidenteibanez.cl\/web\/wp-json\/wp\/v2\/types\/post"}],"author":[{"embeddable":true,"href":"https:\/\/www.radiopresidenteibanez.cl\/web\/wp-json\/wp\/v2\/users\/2"}],"replies":[{"embeddable":true,"href":"https:\/\/www.radiopresidenteibanez.cl\/web\/wp-json\/wp\/v2\/comments?post=14244"}],"version-history":[{"count":0,"href":"https:\/\/www.radiopresidenteibanez.cl\/web\/wp-json\/wp\/v2\/posts\/14244\/revisions"}],"wp:featuredmedia":[{"embeddable":true,"href":"https:\/\/www.radiopresidenteibanez.cl\/web\/wp-json\/wp\/v2\/media\/14194"}],"wp:attachment":[{"href":"https:\/\/www.radiopresidenteibanez.cl\/web\/wp-json\/wp\/v2\/media?parent=14244"}],"wp:term":[{"taxonomy":"category","embeddable":true,"href":"https:\/\/www.radiopresidenteibanez.cl\/web\/wp-json\/wp\/v2\/categories?post=14244"},{"taxonomy":"post_tag","embeddable":true,"href":"https:\/\/www.radiopresidenteibanez.cl\/web\/wp-json\/wp\/v2\/tags?post=14244"}],"curies":[{"name":"wp","href":"https:\/\/api.w.org\/{rel}","templated":true}]}}