{"id":14235,"date":"2020-08-19T20:33:36","date_gmt":"2020-08-19T20:33:36","guid":{"rendered":"https:\/\/www.radiopresidenteibanez.cl\/web\/?p=14235"},"modified":"2020-08-19T20:33:40","modified_gmt":"2020-08-19T20:33:40","slug":"vecinos-de-rio-seco-y-alrededores-tendran-atencion-especial-del-registro-social-de-hogares","status":"publish","type":"post","link":"https:\/\/www.radiopresidenteibanez.cl\/web\/vecinos-de-rio-seco-y-alrededores-tendran-atencion-especial-del-registro-social-de-hogares\/","title":{"rendered":"VECINOS DE R\u00cdO SECO Y ALREDEDORES TENDR\u00c1N ATENCI\u00d3N ESPECIAL DEL REGISTRO SOCIAL DE HOGARES"},"content":{"rendered":"\n<p>Este jueves y viernes (20 y 21 de agosto), entre las 9 y 13\nhoras, los vecinos de R\u00edo Seco y sectores aleda\u00f1os, contar\u00e1n con una atenci\u00f3n\nespecial del Registro Social de Hogares, que se realizar\u00e1 en el gimnasio de la\nescuela Elba Ojeda G\u00f3mez, ubicada en el Kil\u00f3metro 13.5 Norte.<\/p>\n\n\n\n<p>En la oportunidad, los habitantes de R\u00edo Seco, Pampa Alegre,\nBarranco Amarillo, Loteo Varillas, Calafate, Chabunco, Ojo Bueno y aleda\u00f1os,\npodr\u00e1n realizar los tr\u00e1mites relacionados con el Registro Social de Hogares,\ncomo inscripci\u00f3n o actualizaci\u00f3n.<\/p>\n\n\n\n<p>\u201cSi bien es cierto que este tr\u00e1mite se puede hacer por\nInternet, sabemos que hay muchas personas que han estado con problemas para\npoder ingresar los datos, as\u00ed que los esperamos ah\u00ed directamente. Este es un\nesfuerzo que no es menor y quiero dar gracias a toda la unidad del Registro\nSocial de Hogares que ha estado desplegada desde hace m\u00e1s de dos meses y medio en\ndistintas partes de nuestra ciudad y a la fecha tenemos m\u00e1s de 8 mil familias\nque han podido actualizar su ficha de manera presencial\u201d, indic\u00f3 el alcalde de\nPunta Arenas, Claudio Radonich.<\/p>\n\n\n\n<p>La autoridad comunal invit\u00f3 a los vecinos a acercarse al\nlugar y poder resolver sus dudas directamente con los funcionarios municipales,\nquienes se encontrar\u00e1n ah\u00ed para ayudarles. La atenci\u00f3n contar\u00e1 con 100 cupos de\natenci\u00f3n diarios.<\/p>\n","protected":false},"excerpt":{"rendered":"<p>Este jueves y viernes (20 y 21 de agosto), entre las 9 y 13 horas, los vecinos de R\u00edo Seco y sectores aleda\u00f1os, contar\u00e1n con una atenci\u00f3n especial del Registro&#8230; <a class=\"read-more\" href=\"https:\/\/www.radiopresidenteibanez.cl\/web\/vecinos-de-rio-seco-y-alrededores-tendran-atencion-especial-del-registro-social-de-hogares\/\">Leer m\u00e1s<\/a><\/p>\n","protected":false},"author":2,"featured_media":14236,"comment_status":"closed","ping_status":"closed","sticky":false,"template":"","format":"standard","meta":{"footnotes":""},"categories":[1],"tags":[],"class_list":["post-14235","post","type-post","status-publish","format-standard","has-post-thumbnail","hentry","category-cronica"],"_links":{"self":[{"href":"https:\/\/www.radiopresidenteibanez.cl\/web\/wp-json\/wp\/v2\/posts\/14235","targetHints":{"allow":["GET"]}}],"collection":[{"href":"https:\/\/www.radiopresidenteibanez.cl\/web\/wp-json\/wp\/v2\/posts"}],"about":[{"href":"https:\/\/www.radiopresidenteibanez.cl\/web\/wp-json\/wp\/v2\/types\/post"}],"author":[{"embeddable":true,"href":"https:\/\/www.radiopresidenteibanez.cl\/web\/wp-json\/wp\/v2\/users\/2"}],"replies":[{"embeddable":true,"href":"https:\/\/www.radiopresidenteibanez.cl\/web\/wp-json\/wp\/v2\/comments?post=14235"}],"version-history":[{"count":0,"href":"https:\/\/www.radiopresidenteibanez.cl\/web\/wp-json\/wp\/v2\/posts\/14235\/revisions"}],"wp:featuredmedia":[{"embeddable":true,"href":"https:\/\/www.radiopresidenteibanez.cl\/web\/wp-json\/wp\/v2\/media\/14236"}],"wp:attachment":[{"href":"https:\/\/www.radiopresidenteibanez.cl\/web\/wp-json\/wp\/v2\/media?parent=14235"}],"wp:term":[{"taxonomy":"category","embeddable":true,"href":"https:\/\/www.radiopresidenteibanez.cl\/web\/wp-json\/wp\/v2\/categories?post=14235"},{"taxonomy":"post_tag","embeddable":true,"href":"https:\/\/www.radiopresidenteibanez.cl\/web\/wp-json\/wp\/v2\/tags?post=14235"}],"curies":[{"name":"wp","href":"https:\/\/api.w.org\/{rel}","templated":true}]}}