{"id":14232,"date":"2020-08-19T20:29:55","date_gmt":"2020-08-19T20:29:55","guid":{"rendered":"https:\/\/www.radiopresidenteibanez.cl\/web\/?p=14232"},"modified":"2020-08-19T20:29:59","modified_gmt":"2020-08-19T20:29:59","slug":"tradicional-laguna-de-patinaje-pudeto-se-convertira-en-nuevo-parque-urbano-para-la-ciudad-de-punta-arenas","status":"publish","type":"post","link":"https:\/\/www.radiopresidenteibanez.cl\/web\/tradicional-laguna-de-patinaje-pudeto-se-convertira-en-nuevo-parque-urbano-para-la-ciudad-de-punta-arenas\/","title":{"rendered":"TRADICIONAL \u00abLAGUNA DE PATINAJE PUDETO\u00bb SE CONVERTIR\u00c1 EN NUEVO PARQUE URBANO PARA LA CIUDAD DE PUNTA ARENAS"},"content":{"rendered":"\n<p>La buena\nnoticia de crear un nuevo Parque Urbano para Punta Arenas en&nbsp; terrenos ahora administrados por el Fisco de\nChile y donde se ubica la tradicional&nbsp;\nLaguna Pudeto entregaron la secretaria regional de Bienes Nacionales,\nFrancisca Rojas, el alcalde de la comuna Claudio Radonich y el concejal Germ\u00e1n\nFlores. <\/p>\n\n\n\n<p>El \u00e1rea,\nde poco m\u00e1s de tres hect\u00e1reas, permanec\u00eda sin administraci\u00f3n luego de haber\nsido desafectada del Ministerio de Defensa &#8211; Ej\u00e9rcito de Chile en virtud de\nActa de Chena. En el lugar a\u00fan se&nbsp;\nmantiene en pie la infraestructura de madera de ciento noventa y cinco\nmetros cuadrados que sirvi\u00f3 de refugio a varias generaciones de patinadores y\ndue\u00f1os de trineos hasta inicios de la d\u00e9cada del dos mil, momento a partir del\ncual permaneci\u00f3 cerrada.<\/p>\n\n\n\n<p>La seremi expres\u00f3\nque \u00abhay un fuerte v\u00ednculo de este sector con la comunidad, y a pesar que\nla laguna ya no se congela, sigue siendo un bonito lugar para el encuentro, &nbsp;una opci\u00f3n para el deporte, la educaci\u00f3n y la conservaci\u00f3n\nde la fauna\u00bb. En este sentido destac\u00f3 \u00abla gran labor desarrollada por\nla &nbsp;Agrupaci\u00f3n Ecol\u00f3gica Patag\u00f3nica, a quienes\nse invitar\u00e1 a ser parte sustantiva de lo que se haga de aqu\u00ed en adelante\u00bb.<\/p>\n\n\n\n<p>El alcalde\nde la ciudad, Claudio Radonich invit\u00f3 a la comunidad a ser parte de este nuevo\nparque urbano y anunci\u00f3 que solicitar\u00e1 el comodato (concesi\u00f3n por cinco a\u00f1os) a\nla secretar\u00eda regional y luego al Ministerio de Bienes Nacionales (por veiticinco\na\u00f1os). <\/p>\n\n\n\n<p>\u00abEsta\nes una muy buena idea del concejal Germ\u00e1n Flores y que cuenta con apoyo de la\nseremi. Esto nos permitir\u00e1 gestionar recursos, levantar proyectos y realizar\nlas obras necesarias para proteger su medio ambiente con la agrupaci\u00f3n ecol\u00f3gica,\ntambi\u00e9n construir un acceso y un muro que lo separe de las instalaciones del\nEj\u00e9rcito y habilitar la caba\u00f1a que permanece en pie como un \u00e1rea de servicios.\u00bb<\/p>\n\n\n\n<p>El edil\nGerm\u00e1n Flores expres\u00f3 que a inicios de a\u00f1o hizo ver al Concejo Municipal un\ntr\u00edo con alto valor tur\u00edstico para la ciudad formado por el Parque Maria\nBehety, el Humedal Tres Puentes y la Laguna Pudeto. \u00abLa idea es contar con\nun sector tradicional, muy arraigado en los puntarenenses donde haya recreaci\u00f3n\ny &nbsp;contacto con la naturaleza, con la activa\nparticipaci\u00f3n de la Agrupaci\u00f3n Ecol\u00f3gica Patag\u00f3nica.\u00bb<\/p>\n\n\n\n<p><strong>Antecedentes<\/strong><\/p>\n\n\n\n<p>En virtud\ndel Acta de Chena, el Ministerio de Defensa &#8211; Ej\u00e9rcito de Chile desafect\u00f3 en su\noportunidad 44.600 metros cuadrados de superficie que eran administradas por el\nRegimiento Pudeto con el objetivo de abrir p\u00fablicamente la prolongaci\u00f3n de\ncalles Fagnano y Rancagua (hoy en plena ejecuci\u00f3n por SERVIU) y preservar el\necosistema en la laguna ubicada en el sector. &nbsp;El Regimiento Pudeto ten\u00eda originalmente una\nsuperficie de 250.000 metros cuadrados.<\/p>\n","protected":false},"excerpt":{"rendered":"<p>La buena noticia de crear un nuevo Parque Urbano para Punta Arenas en&nbsp; terrenos ahora administrados por el Fisco de Chile y donde se ubica la tradicional&nbsp; Laguna Pudeto entregaron&#8230; <a class=\"read-more\" href=\"https:\/\/www.radiopresidenteibanez.cl\/web\/tradicional-laguna-de-patinaje-pudeto-se-convertira-en-nuevo-parque-urbano-para-la-ciudad-de-punta-arenas\/\">Leer m\u00e1s<\/a><\/p>\n","protected":false},"author":2,"featured_media":14233,"comment_status":"closed","ping_status":"closed","sticky":false,"template":"","format":"standard","meta":{"footnotes":""},"categories":[1],"tags":[],"class_list":["post-14232","post","type-post","status-publish","format-standard","has-post-thumbnail","hentry","category-cronica"],"_links":{"self":[{"href":"https:\/\/www.radiopresidenteibanez.cl\/web\/wp-json\/wp\/v2\/posts\/14232","targetHints":{"allow":["GET"]}}],"collection":[{"href":"https:\/\/www.radiopresidenteibanez.cl\/web\/wp-json\/wp\/v2\/posts"}],"about":[{"href":"https:\/\/www.radiopresidenteibanez.cl\/web\/wp-json\/wp\/v2\/types\/post"}],"author":[{"embeddable":true,"href":"https:\/\/www.radiopresidenteibanez.cl\/web\/wp-json\/wp\/v2\/users\/2"}],"replies":[{"embeddable":true,"href":"https:\/\/www.radiopresidenteibanez.cl\/web\/wp-json\/wp\/v2\/comments?post=14232"}],"version-history":[{"count":0,"href":"https:\/\/www.radiopresidenteibanez.cl\/web\/wp-json\/wp\/v2\/posts\/14232\/revisions"}],"wp:featuredmedia":[{"embeddable":true,"href":"https:\/\/www.radiopresidenteibanez.cl\/web\/wp-json\/wp\/v2\/media\/14233"}],"wp:attachment":[{"href":"https:\/\/www.radiopresidenteibanez.cl\/web\/wp-json\/wp\/v2\/media?parent=14232"}],"wp:term":[{"taxonomy":"category","embeddable":true,"href":"https:\/\/www.radiopresidenteibanez.cl\/web\/wp-json\/wp\/v2\/categories?post=14232"},{"taxonomy":"post_tag","embeddable":true,"href":"https:\/\/www.radiopresidenteibanez.cl\/web\/wp-json\/wp\/v2\/tags?post=14232"}],"curies":[{"name":"wp","href":"https:\/\/api.w.org\/{rel}","templated":true}]}}