{"id":14225,"date":"2020-08-19T19:40:18","date_gmt":"2020-08-19T19:40:18","guid":{"rendered":"https:\/\/www.radiopresidenteibanez.cl\/web\/?p=14225"},"modified":"2020-08-19T19:40:21","modified_gmt":"2020-08-19T19:40:21","slug":"autoridades-fiscalizan-y-difunden-medidas-de-prevencion-ante-covid-en-sector-construccion","status":"publish","type":"post","link":"https:\/\/www.radiopresidenteibanez.cl\/web\/autoridades-fiscalizan-y-difunden-medidas-de-prevencion-ante-covid-en-sector-construccion\/","title":{"rendered":"AUTORIDADES FISCALIZAN Y DIFUNDEN MEDIDAS DE PREVENCI\u00d3N ANTE COVID EN SECTOR CONSTRUCCI\u00d3N"},"content":{"rendered":"\n<p><em>Con el\nobjetivo de reforzar el llamado insistente que ha realizado el gobierno\nregional a extremar el cuidado ante el aumento de casos por Covid_19, las\nautoridades locales realizaron una nueva visita a faenas de la construcci\u00f3n\npara fiscalizar y difundir el cumplimiento de las necesarias medidas de\nprevenci\u00f3n y reguardo de los trabajadores.<\/em><em><\/em><\/p>\n\n\n\n<p><em>Es as\u00ed que,\ndurante esta ma\u00f1ana, la Seremi del Trabajo, Victoria Cort\u00e9s, acompa\u00f1ada por la\nSeremi de Econom\u00eda, Natalia Easton; el director regional del Trabajo, Carlo\nGorziglia; y el jefe de fomento productivo de la intendencia regional, V\u00edctor\nFern\u00e1ndez, llegaron hasta las obras de construcci\u00f3n de viviendas sociales de la\nempresa Salfa, instalaciones donde tambi\u00e9n estuvo presente el presidente de la\nC\u00e1mara Chilena de la Construcci\u00f3n (Cchc), Carlos Braun.<\/em><em><\/em><\/p>\n\n\n\n<p><em>En palabras\nde la secretaria regional del Trabajo, \u201cen esta oportunidad visitamos una obra\nde la empresa Salfa. Se trata de viviendas sociales que van a ser entregadas a\nmediados del a\u00f1o 2021 donde pudimos conversar directamente con trabajadores y\nrepresentantes de la empresa para hacer la difusi\u00f3n del Paso a Paso Laboral,\ntan importante para nuestra cartera del Trabajo y que busca que existan\nacuerdos al interior de las empresas respecto a las medidas de higiene y\nseguridad para evitar la propagaci\u00f3n del Covid_19\u201d.<\/em><em><\/em><\/p>\n\n\n\n<p><em>A su vez, la\nSeremi de Econom\u00eda se\u00f1al\u00f3 que \u201cen el marco de la difusi\u00f3n del plan Paso a Paso\nhacia los distintos sectores productivos, el d\u00eda de hoy he acompa\u00f1ado a la\nSeremi del Trabajo en una visita al sector constructor con el objetivo de poder\ninformar a trabajadores y empleadores de las distintas medidas sanitarias que\nes importante implementar en los lugares de trabajo para poder avanzar en la\nreactivaci\u00f3n de las actividades productivas, pero siempre en forma segura\u201d.<\/em><em><\/em><\/p>\n\n\n\n<p><em>Asimismo, el\ndirector regional del Trabajo explic\u00f3 que \u201cnuestro servicio act\u00faa en el actual\ncontexto de emergencia sanitaria respaldado por el art\u00edculo 184 del C\u00f3digo del\nTrabajo, que obliga a los empleadores a proteger eficazmente la vida y salud de\nlos trabajadores; con esa herramienta legal hemos fiscalizado en nuestra\nregi\u00f3n, y en todo el pa\u00eds, el cumplimiento de las medidas de higiene y\nseguridad en los centros de trabajo que est\u00e1n funcionando porque el inter\u00e9s\nsuperior de la Direcci\u00f3n del Trabajo ser\u00e1 siempre proteger a los trabajadores\u201d.\n<\/em><em><\/em><\/p>\n\n\n\n<p><em>Por su parte,\nel representante local de la C\u00e1mara Chilena de la Construcci\u00f3n explic\u00f3 que, \u201ccomo\nparte de la pol\u00edtica de colaboraci\u00f3n que estamos teniendo con las autoridades,\nen esta visita pudimos constatar en terreno todo lo que se est\u00e1 implementando\ncon respecto a los protocolos de seguridad, ver el cumplimiento a las\nnormativas del trabajo y dar inicio a lo que estamos ya desarrollando que es la\nmesa de reactivaci\u00f3n y la mesa tripartita del Trabajo. Con los protocolos\nimplementados, se ha constatado un bajo \u00edndice de contagios, por tanto estamos\nsumamente contentos y motivados de que estamos haciendo bien las cosas y, en\nese sentido, hay que seguir trabajando para darle tranquilidad y seguridad a\nlos trabajadores\u201d.<\/em><em><\/em><\/p>\n\n\n\n<p><em>Durante la\nvisita, adem\u00e1s de la correspondiente fiscalizaci\u00f3n realizada por funcionarios\nde la Direcci\u00f3n regional del Trabajo, las autoridades hicieron entrega de\nmaterial informativo y elementos de protecci\u00f3n \u2013como alcohol gel- recordando la\nimportancia, no s\u00f3lo de respetar el cumplimiento de las medidas adoptadas por\nlas empresas constructoras, sino tambi\u00e9n recalcando la importancia del\nautocuidado y de la responsabilidad de todos los empleadores y trabajadores.<\/em><em><\/em><\/p>\n\n\n\n<p><em>En lo que va\ndel a\u00f1o, la Direcci\u00f3n Regional del Trabajo ha realizado m\u00e1s de 800\nfiscalizaciones relacionadas con medidas de protecci\u00f3n ante el Covid_19, pero\ntambi\u00e9n en materias convencionales, tales como: jornadas laborales, contratos\nde trabajo, entre otras. En el \u00e1mbito de la higiene y seguridad, el organismo\npuede aplicar multas de hasta 60 Unidades Tributarias Mensuales, poco m\u00e1s de 3\nmillones de pesos, e incluso suspender actividades si en el momento de la\nfiscalizaci\u00f3n se constata que hay un peligro inminente para la vida y salud de\nlos trabajadores. <\/em><em><\/em><\/p>\n","protected":false},"excerpt":{"rendered":"<p>Con el objetivo de reforzar el llamado insistente que ha realizado el gobierno regional a extremar el cuidado ante el aumento de casos por Covid_19, las autoridades locales realizaron una&#8230; <a class=\"read-more\" href=\"https:\/\/www.radiopresidenteibanez.cl\/web\/autoridades-fiscalizan-y-difunden-medidas-de-prevencion-ante-covid-en-sector-construccion\/\">Leer m\u00e1s<\/a><\/p>\n","protected":false},"author":2,"featured_media":14226,"comment_status":"closed","ping_status":"closed","sticky":false,"template":"","format":"standard","meta":{"footnotes":""},"categories":[1],"tags":[],"class_list":["post-14225","post","type-post","status-publish","format-standard","has-post-thumbnail","hentry","category-cronica"],"_links":{"self":[{"href":"https:\/\/www.radiopresidenteibanez.cl\/web\/wp-json\/wp\/v2\/posts\/14225","targetHints":{"allow":["GET"]}}],"collection":[{"href":"https:\/\/www.radiopresidenteibanez.cl\/web\/wp-json\/wp\/v2\/posts"}],"about":[{"href":"https:\/\/www.radiopresidenteibanez.cl\/web\/wp-json\/wp\/v2\/types\/post"}],"author":[{"embeddable":true,"href":"https:\/\/www.radiopresidenteibanez.cl\/web\/wp-json\/wp\/v2\/users\/2"}],"replies":[{"embeddable":true,"href":"https:\/\/www.radiopresidenteibanez.cl\/web\/wp-json\/wp\/v2\/comments?post=14225"}],"version-history":[{"count":0,"href":"https:\/\/www.radiopresidenteibanez.cl\/web\/wp-json\/wp\/v2\/posts\/14225\/revisions"}],"wp:featuredmedia":[{"embeddable":true,"href":"https:\/\/www.radiopresidenteibanez.cl\/web\/wp-json\/wp\/v2\/media\/14226"}],"wp:attachment":[{"href":"https:\/\/www.radiopresidenteibanez.cl\/web\/wp-json\/wp\/v2\/media?parent=14225"}],"wp:term":[{"taxonomy":"category","embeddable":true,"href":"https:\/\/www.radiopresidenteibanez.cl\/web\/wp-json\/wp\/v2\/categories?post=14225"},{"taxonomy":"post_tag","embeddable":true,"href":"https:\/\/www.radiopresidenteibanez.cl\/web\/wp-json\/wp\/v2\/tags?post=14225"}],"curies":[{"name":"wp","href":"https:\/\/api.w.org\/{rel}","templated":true}]}}