{"id":14222,"date":"2020-08-19T19:38:23","date_gmt":"2020-08-19T19:38:23","guid":{"rendered":"https:\/\/www.radiopresidenteibanez.cl\/web\/?p=14222"},"modified":"2020-08-19T19:38:27","modified_gmt":"2020-08-19T19:38:27","slug":"cesfam-de-natales-realiza-encuesta-a-domicilio-para-pesquisar-casos-activos-de-covid-19","status":"publish","type":"post","link":"https:\/\/www.radiopresidenteibanez.cl\/web\/cesfam-de-natales-realiza-encuesta-a-domicilio-para-pesquisar-casos-activos-de-covid-19\/","title":{"rendered":"CESFAM DE NATALES REALIZA ENCUESTA A DOMICILIO PARA PESQUISAR CASOS ACTIVOS DE COVID-19"},"content":{"rendered":"\n<p>En el marco de la estrategia nacional de testeo,\ntrazabilidad y aislamiento, el Centro de Salud Familiar Dr. Juan Lozic P\u00e9rez\ncomenz\u00f3 a realizar pruebas de PCR a vecinos de la ciudad de Puerto Natales, con\nla finalidad de evitar la propagaci\u00f3n del virus en la comuna. <\/p>\n\n\n\n<p>La estrategia comenz\u00f3 el lunes 17 de agosto en la\nPoblaci\u00f3n Estadio, en donde funcionarios del Cesfam realiza una encuesta a los\nhabitantes de cada hogar y si alguno de ellos presenta s\u00edntomas de contagio, se\nprocede a la toma de examen de PCR para monitorear posibles casos activos de\nCOVID-19. <\/p>\n\n\n\n<p>La m\u00e1xima\nautoridad comunal, Fernando Paredes Mansilla, entreg\u00f3 m\u00e1s informaci\u00f3n respecto\nal procedimiento de salud que se est\u00e1 llevando a cabo en Puerto Natales,\ninform\u00f3 que \u201cDe esas personas encuestadas quienes cumplan los requisitos para\ntomar el examen de PCR, se proceder\u00e1 a efectuar de manera inmediata, ya que esa\nes la idea central de este proceso. El examen de PCR no se aplicar\u00e1 a quienes\nno presenten s\u00edntomas, lo importante es que estamos haciendo una encuesta a 250\npersonas diarias y a medida que vayamos viendo casos que sean susceptibles del\ncontrol de PCR, claramente esa es la se\u00f1al que queremos entregar a toda la\ncomunidad natalina\u201d. <\/p>\n\n\n\n<p>Este proceso\nde rastrillaje durar\u00e1 alrededor de cuatro meses, la cual pretende monitorear a\ntoda la comuna de Natales y a futuro poder apoyar a comunas vecinas de la\nProvincia de \u00daltima Esperanza para realizar testeos activos. <\/p>\n\n\n\n<p>El alcalde de\nNatales, hizo un llamado a los habitantes de la comuna a colaborar con la\nestrategia nacional de testeo, trazabilidad y asilamiento, recalc\u00f3 que \u201cNecesitamos\nque los vecinos nos abran sus puertas principalmente al personal del Centro de\nSalud Familiar, porque junto con hacer la encuesta se pesquisan los casos y\nprecisamente los \u00faltimos casos presentes en Puerto Natales han sido pesquisados\nproducto de este trabajo que se est\u00e1 haciendo\u201d.<\/p>\n\n\n\n<p>Finalmente, el\njefe comunal valor\u00f3 el trabajo que est\u00e1n ejecutando los funcionarios del Cesfam\nDr. Juan Lozic P\u00e9rez, debido a que gracias a su trabajo se puede entregar un\nmensaje de tranquilidad a la poblaci\u00f3n y continuar con condiciones\nepidemiol\u00f3gicas favorables en nuestra comuna. <\/p>\n","protected":false},"excerpt":{"rendered":"<p>En el marco de la estrategia nacional de testeo, trazabilidad y aislamiento, el Centro de Salud Familiar Dr. Juan Lozic P\u00e9rez comenz\u00f3 a realizar pruebas de PCR a vecinos de&#8230; <a class=\"read-more\" href=\"https:\/\/www.radiopresidenteibanez.cl\/web\/cesfam-de-natales-realiza-encuesta-a-domicilio-para-pesquisar-casos-activos-de-covid-19\/\">Leer m\u00e1s<\/a><\/p>\n","protected":false},"author":2,"featured_media":14223,"comment_status":"closed","ping_status":"closed","sticky":false,"template":"","format":"standard","meta":{"footnotes":""},"categories":[1],"tags":[],"class_list":["post-14222","post","type-post","status-publish","format-standard","has-post-thumbnail","hentry","category-cronica"],"_links":{"self":[{"href":"https:\/\/www.radiopresidenteibanez.cl\/web\/wp-json\/wp\/v2\/posts\/14222","targetHints":{"allow":["GET"]}}],"collection":[{"href":"https:\/\/www.radiopresidenteibanez.cl\/web\/wp-json\/wp\/v2\/posts"}],"about":[{"href":"https:\/\/www.radiopresidenteibanez.cl\/web\/wp-json\/wp\/v2\/types\/post"}],"author":[{"embeddable":true,"href":"https:\/\/www.radiopresidenteibanez.cl\/web\/wp-json\/wp\/v2\/users\/2"}],"replies":[{"embeddable":true,"href":"https:\/\/www.radiopresidenteibanez.cl\/web\/wp-json\/wp\/v2\/comments?post=14222"}],"version-history":[{"count":0,"href":"https:\/\/www.radiopresidenteibanez.cl\/web\/wp-json\/wp\/v2\/posts\/14222\/revisions"}],"wp:featuredmedia":[{"embeddable":true,"href":"https:\/\/www.radiopresidenteibanez.cl\/web\/wp-json\/wp\/v2\/media\/14223"}],"wp:attachment":[{"href":"https:\/\/www.radiopresidenteibanez.cl\/web\/wp-json\/wp\/v2\/media?parent=14222"}],"wp:term":[{"taxonomy":"category","embeddable":true,"href":"https:\/\/www.radiopresidenteibanez.cl\/web\/wp-json\/wp\/v2\/categories?post=14222"},{"taxonomy":"post_tag","embeddable":true,"href":"https:\/\/www.radiopresidenteibanez.cl\/web\/wp-json\/wp\/v2\/tags?post=14222"}],"curies":[{"name":"wp","href":"https:\/\/api.w.org\/{rel}","templated":true}]}}