{"id":14219,"date":"2020-08-19T19:35:15","date_gmt":"2020-08-19T19:35:15","guid":{"rendered":"https:\/\/www.radiopresidenteibanez.cl\/web\/?p=14219"},"modified":"2020-08-19T19:35:19","modified_gmt":"2020-08-19T19:35:19","slug":"exitosa-tercera-entrega-de-kits-covid-19-a-los-transportistas-de-natales","status":"publish","type":"post","link":"https:\/\/www.radiopresidenteibanez.cl\/web\/exitosa-tercera-entrega-de-kits-covid-19-a-los-transportistas-de-natales\/","title":{"rendered":"EXITOSA TERCERA ENTREGA DE KITS COVID-19 A LOS TRANSPORTISTAS DE NATALES"},"content":{"rendered":"\n<p>Hasta el\npolideportivo municipal de Natales, llegaron cientos de transportistas para\nrecibir por tercera vez el Kit Covid-19, el cual es entregado por la Direcci\u00f3n\nde Desarrollo Comunitario de la Ilustre Municipalidad de Natales.<\/p>\n\n\n\n<p>El beneficio\nbusca apoyar a los transportistas ayud\u00e1ndolos con el cuidado personal y de sus\npasajeros, recibiendo 25 mascarillas, 10 pares de guantes y un litro de alcohol\ngel.<\/p>\n\n\n\n<p>El jefe\ncomunal, se\u00f1al\u00f3 que esto forma parte de un lineamiento del Concejo Municipal\npara que todo el transporte p\u00fablico se sienta acompa\u00f1ado por el municipio.\n\u201cQuiero reafirmar nuestro compromiso como municipalidad y como Concejo\nMunicipal de que el gremio del transporte p\u00fablico se sienta acompa\u00f1ado por el\nmunicipio, pero tambi\u00e9n lo hacemos con la clara convicci\u00f3n de que apoyando a la\ngente del transporte p\u00fablico, estamos apoyando a la poblaci\u00f3n de Puerto Natales\u201d.<\/p>\n\n\n\n<p>&nbsp;&nbsp;Adem\u00e1s,\nel edil subray\u00f3 que todo esto es posible gracias al financiamiento del Gobierno\nRegional y el trabajo colaborativo con la gobernaci\u00f3n provincial. \u201cMe gustar\u00eda\nresaltar que aqu\u00ed con el financiamiento del Gobierno Regional vamos a entregar\nen total aproximadamente 4 mil Kits Covid-19, la mitad la hemos entregado a la\npoblaci\u00f3n y pr\u00e1cticamente 1.900 kits para el gremio del transporte p\u00fablico\u201d.<\/p>\n\n\n\n<p>En tanto, el\ngobernador de la provincia de \u00daltima Esperanza, valor\u00f3 la entrega de estos Kits\ny recalc\u00f3 que esta es una de las tantas iniciativas sociales que se han\ndesarrollado junto al municipio de Natales, \u201cen representaci\u00f3n del Gobierno,\nquiero expresar nuestra satisfacci\u00f3n por el importante apoyo que estamos\nbrindando a cada uno de nuestros transportistas, aqu\u00ed existen recursos que\nvienen desde el Gobierno Regional con el sentido de garantizar el cuidado de\nnuestra poblaci\u00f3n con esta entrega de kits sanitario\u201d.<\/p>\n\n\n\n<p>Por su parte,\nClaudio Mansilla, presidente de la Agrupaci\u00f3n de Transportistas de \u00daltima\nEsperanza, agradeci\u00f3 a las autoridades por esta importante ayuda. \u201cEstos Kits\nque nos entrega la Municipalidad con Gobernaci\u00f3n, nos van a servir a todos en\nesta \u00e9poca que se nos viene de trabajo. Tenemos una cantidad innumerable de\nexigencias para poder trabajar y esto nos es de mucha ayuda\u201d.<\/p>\n\n\n\n<p>Son 700 Kits\nCovid-19 disponibles en esta tercera etapa, los cuales podr\u00e1n ser recibidos por\npersonas relacionadas con el transporte p\u00fablico, espec\u00edficamente taxi, taxi\ncolectivo, transporte escolar, taxi flete y transportistas de turismo.<\/p>\n","protected":false},"excerpt":{"rendered":"<p>Hasta el polideportivo municipal de Natales, llegaron cientos de transportistas para recibir por tercera vez el Kit Covid-19, el cual es entregado por la Direcci\u00f3n de Desarrollo Comunitario de la&#8230; <a class=\"read-more\" href=\"https:\/\/www.radiopresidenteibanez.cl\/web\/exitosa-tercera-entrega-de-kits-covid-19-a-los-transportistas-de-natales\/\">Leer m\u00e1s<\/a><\/p>\n","protected":false},"author":2,"featured_media":14220,"comment_status":"closed","ping_status":"closed","sticky":false,"template":"","format":"standard","meta":{"footnotes":""},"categories":[1],"tags":[],"class_list":["post-14219","post","type-post","status-publish","format-standard","has-post-thumbnail","hentry","category-cronica"],"_links":{"self":[{"href":"https:\/\/www.radiopresidenteibanez.cl\/web\/wp-json\/wp\/v2\/posts\/14219","targetHints":{"allow":["GET"]}}],"collection":[{"href":"https:\/\/www.radiopresidenteibanez.cl\/web\/wp-json\/wp\/v2\/posts"}],"about":[{"href":"https:\/\/www.radiopresidenteibanez.cl\/web\/wp-json\/wp\/v2\/types\/post"}],"author":[{"embeddable":true,"href":"https:\/\/www.radiopresidenteibanez.cl\/web\/wp-json\/wp\/v2\/users\/2"}],"replies":[{"embeddable":true,"href":"https:\/\/www.radiopresidenteibanez.cl\/web\/wp-json\/wp\/v2\/comments?post=14219"}],"version-history":[{"count":0,"href":"https:\/\/www.radiopresidenteibanez.cl\/web\/wp-json\/wp\/v2\/posts\/14219\/revisions"}],"wp:featuredmedia":[{"embeddable":true,"href":"https:\/\/www.radiopresidenteibanez.cl\/web\/wp-json\/wp\/v2\/media\/14220"}],"wp:attachment":[{"href":"https:\/\/www.radiopresidenteibanez.cl\/web\/wp-json\/wp\/v2\/media?parent=14219"}],"wp:term":[{"taxonomy":"category","embeddable":true,"href":"https:\/\/www.radiopresidenteibanez.cl\/web\/wp-json\/wp\/v2\/categories?post=14219"},{"taxonomy":"post_tag","embeddable":true,"href":"https:\/\/www.radiopresidenteibanez.cl\/web\/wp-json\/wp\/v2\/tags?post=14219"}],"curies":[{"name":"wp","href":"https:\/\/api.w.org\/{rel}","templated":true}]}}