{"id":14217,"date":"2020-08-19T19:32:21","date_gmt":"2020-08-19T19:32:21","guid":{"rendered":"https:\/\/www.radiopresidenteibanez.cl\/web\/?p=14217"},"modified":"2020-08-19T19:32:24","modified_gmt":"2020-08-19T19:32:24","slug":"punta-arenas-a-fase-1-y-retoma-cuarentena-total","status":"publish","type":"post","link":"https:\/\/www.radiopresidenteibanez.cl\/web\/punta-arenas-a-fase-1-y-retoma-cuarentena-total\/","title":{"rendered":"PUNTA ARENAS A FASE 1 Y RETOMA CUARENTENA TOTAL"},"content":{"rendered":"\n<p>Con la gran cantidad de contagios diarios que hab\u00eda presentado Magallanes, y por sobre todo Punta Arenas, se ve\u00eda venir que esta comuna pod\u00eda retroceder a la fase 1 en el plan \u201cPaso a Paso\u201d y tener cuarentena total.<\/p>\n\n\n\n<p>Y as\u00ed fue, en el nuevo reporte diario de covid-19, la Subsecretaria de Prevenci\u00f3n del Delito, Katherine Martorell, junto al ministro de Salud, Enrique Paris, anunciaron que la ciudad capital de la regi\u00f3n de Magallanes, ingresar\u00e1 a cuarentena desde este viernes 21 de agosto a partir de las 23 horas, cuando comienza el toque de queda.<\/p>\n\n\n\n<p>Lo anterior, se deber\u00eda prolongar por los pr\u00f3ximos siete d\u00edas.<\/p>\n\n\n\n<p><strong>REDUCCI\u00d3N EN HORARIO DEL TOQUE DE QUEDA<\/strong><\/p>\n\n\n\n<p>En la ocasi\u00f3n, las autoridades anunciaron que el toque de queda tendr\u00e1 una reducci\u00f3n en su horario y desde este viernes comenzar\u00e1 a partir de las 23:00 horas y culminar\u00e1 el d\u00eda siguiente a las 05:00 de la ma\u00f1ana.<\/p>\n\n\n\n<p>Enlace reporte nacional:\u00a0<a href=\"https:\/\/www.facebook.com\/ministeriosaludchile\/videos\/226110805405365\">https:\/\/www.facebook.com\/ministeriosaludchile\/videos\/226110805405365<\/a><\/p>\n\n\n\n<p><\/p>\n\n\n\n<p>CHH.<\/p>\n","protected":false},"excerpt":{"rendered":"<p>Con la gran cantidad de contagios diarios que hab\u00eda presentado Magallanes, y por sobre todo Punta Arenas, se ve\u00eda venir que esta comuna pod\u00eda retroceder a la fase 1 en&#8230; <a class=\"read-more\" href=\"https:\/\/www.radiopresidenteibanez.cl\/web\/punta-arenas-a-fase-1-y-retoma-cuarentena-total\/\">Leer m\u00e1s<\/a><\/p>\n","protected":false},"author":2,"featured_media":12658,"comment_status":"closed","ping_status":"closed","sticky":false,"template":"","format":"standard","meta":{"footnotes":""},"categories":[1],"tags":[],"class_list":["post-14217","post","type-post","status-publish","format-standard","has-post-thumbnail","hentry","category-cronica"],"_links":{"self":[{"href":"https:\/\/www.radiopresidenteibanez.cl\/web\/wp-json\/wp\/v2\/posts\/14217","targetHints":{"allow":["GET"]}}],"collection":[{"href":"https:\/\/www.radiopresidenteibanez.cl\/web\/wp-json\/wp\/v2\/posts"}],"about":[{"href":"https:\/\/www.radiopresidenteibanez.cl\/web\/wp-json\/wp\/v2\/types\/post"}],"author":[{"embeddable":true,"href":"https:\/\/www.radiopresidenteibanez.cl\/web\/wp-json\/wp\/v2\/users\/2"}],"replies":[{"embeddable":true,"href":"https:\/\/www.radiopresidenteibanez.cl\/web\/wp-json\/wp\/v2\/comments?post=14217"}],"version-history":[{"count":0,"href":"https:\/\/www.radiopresidenteibanez.cl\/web\/wp-json\/wp\/v2\/posts\/14217\/revisions"}],"wp:featuredmedia":[{"embeddable":true,"href":"https:\/\/www.radiopresidenteibanez.cl\/web\/wp-json\/wp\/v2\/media\/12658"}],"wp:attachment":[{"href":"https:\/\/www.radiopresidenteibanez.cl\/web\/wp-json\/wp\/v2\/media?parent=14217"}],"wp:term":[{"taxonomy":"category","embeddable":true,"href":"https:\/\/www.radiopresidenteibanez.cl\/web\/wp-json\/wp\/v2\/categories?post=14217"},{"taxonomy":"post_tag","embeddable":true,"href":"https:\/\/www.radiopresidenteibanez.cl\/web\/wp-json\/wp\/v2\/tags?post=14217"}],"curies":[{"name":"wp","href":"https:\/\/api.w.org\/{rel}","templated":true}]}}